{"id":16038103,"date":"2019-06-20T18:07:17","date_gmt":"2019-06-20T16:07:17","guid":{"rendered":"https:\/\/myallmeeting.com\/article\/notre-selection-de-rooftops-accor-pour-vos-soirees-estivales\/"},"modified":"2024-07-12T09:27:29","modified_gmt":"2024-07-12T07:27:29","slug":"a-nossa-selecao-de-rooftops-accor-para-as-suas-noites-de-verao","status":"publish","type":"article","link":"https:\/\/myallmeeting.com\/pt-pt\/article\/a-nossa-selecao-de-rooftops-accor-para-as-suas-noites-de-verao\/","title":{"rendered":"A nossa sele\u00e7\u00e3o de rooftops Accor para as suas noites de ver\u00e3o\u00a0"},"content":{"rendered":"<!-- START OF : Composant : block-periscope-theme-section-composant-25-texte-cta-2-images.php -->\n<div class=\"tcta2ia bg-white fs-wysiwyg mb-lg-12\" data-component=\"25-texte-cta-2-images\">\n\t<div class=\"tcta2ia__top\">\n\t\t<div class=\"container-fluid\" style=\"--bs-gutter-x: 0\">\n\t\t\t<div class=\"row\" style=\"--bs-gutter-x: 0\">\n\t\t\t\t<div class=\"col-lg-8\">\n\t\t\t\t\t\t\t\t\t\t<div class=\"bloc-mise-en-avant__top__left\">\n\t\t\t\t\t\t<img decoding=\"async\" src=\"https:\/\/myallmeeting.com\/wp-content\/uploads\/2019\/06\/Mercure-Villeneuve-Loubet-Plage-4-1268x846.jpg\" class=\"pe-2 pe-lg-0\" width=\"1268\" height=\"846\" alt=\"\" loading=\"lazy\" \/>\n\t\t\t\t\t<\/div>\n\t\t\t\t\t\t\t\t\t\t<div class=\"tcta2ia__bottom d-none d-lg-block pb-12 pt-lg-9 pb-lg-0 pe-lg-10\">\n\t\t\t\t\t\t\t\t\t\t\t\t<h2 class=\"fs-20 fs-lg-32 fw-semibold\">Sainte-Barbe H\u00f4tel &amp; Spa Le Conquet \u2013 MGallery ****<\/h2>\n\t\t\t\t\t\t\t\t\t\t\t\t\t\t\t\t\t\t<div class=\"fs-wysiwyg\"><p><span data-contrast=\"auto\">A trinta minutos do aeroporto de Brest, o rooftop &#8211; suspenso entre o c\u00e9u e o mar &#8211; deste <a href=\"https:\/\/myallmeeting.com\/pt-pt\/hotel\/b1k8-sainte-barbe-hotel-spa-le-conquet-mgalleryopening-may-2019\/\"><strong>MGallery de quatro estrelas<\/strong><\/a> oferece uma bela sele\u00e7\u00e3o de cocktails num <strong>local m\u00e1gico com pores do sol excecionais.<\/strong><\/span><strong>\u00a0<\/strong><\/p>\n<p><span data-contrast=\"auto\">Quanto ao seu restaurante panor\u00e2mico de mariscos \u2013 dirigido por um chef que passou pelas melhores cozinhas da gastronomia francesa -, celebra a riqueza das costas bret\u00e3s num ambiente requintado e de alta qualidade.<\/span><span data-ccp-props=\"{&quot;201341983&quot;:0,&quot;335559739&quot;:160,&quot;335559740&quot;:259}\">\u00a0<\/span><\/p>\n<\/div>\n\t\t\t\t\t\t\t\t\t\t\t\t<div class=\"d-flex flex-column flex-lg-row align-items-center gap-5 gap-lg-8 justify-content-between\">\n\t\t\t\t\t\t\t<div class=\"fs-20 fs-lg-26 fw-semibold lh-xs\"><\/div>\n\t\t\t\t\t\t\t\t\t\t\t\t\t<\/div>\n\t\t\t\t\t<\/div>\n\t\t\t\t<\/div>\n\t\t\t\t<div class=\"col-lg-4\">\n\t\t\t\t\t<div class=\"tcta2ia__top__right t-0 r-0 bg-primary text-white pt-4 pb-4 px-2 pt-lg-8 pb-lg-16 px-lg-11 pb-xl-30\">\n\t\t\t\t\t\t\t\t\t\t\t\t\t\t\t\t\t\t<h2 class=\"unna fs-36 fs-lg-51 fs-xl-75 fs-italic fw-normal text-secondary\">A nossa sele\u00e7\u00e3o de rooftops Accor para as suas noites de ver\u00e3o <\/h2>\n\t\t\t\t\t\t\t\t\t\t\t\t\t\t\t\t\t\t<h3 class=\"text-white fs-18 fs-lg-20 fs-xl-28 text-original-case\">Mercure Villeneuve-Loubet Plage ****<\/h3>\n\t\t\t\t\t\t\t\t\t\t\t\t\t\t\t\t\t\t<div class=\"fs-wysiwyg mb-4 fs-lg-16 fs-xl-20\"><p><span data-contrast=\"auto\">No cora\u00e7\u00e3o da prestigiosa Ba\u00eda dos Anjos, entre Nice e Antibes, <a href=\"https:\/\/myallmeeting.com\/pt-pt\/hotel\/mercure-villeneuve-loubet-plage\/\">este hotel<\/a> de quatro estrelas com estilo californiano tem um terra\u00e7o no rooftop com piscina que oferece uma vista panor\u00e2mica excecional sobre o Mediterr\u00e2neo.<\/span><span data-ccp-props=\"{&quot;201341983&quot;:0,&quot;335559739&quot;:160,&quot;335559740&quot;:259}\">\u00a0<\/span><\/p>\n<p><span data-contrast=\"auto\">O seu restaurante ao ar livre, <strong>Les Terrasses de Syracuse<\/strong>, prop\u00f5e pratos com sabores mediterr\u00e2neos para um jantar ou cocktail com vista inesquec\u00edvel. Suba at\u00e9 ao terra\u00e7o, em redor da piscina, para admirar a vista excecional sobre o mar.<\/span><span data-ccp-props=\"{&quot;201341983&quot;:0,&quot;335559739&quot;:160,&quot;335559740&quot;:259}\">\u00a0<\/span><\/p>\n<\/div>\n\t\t\t\t\t\t\t\t\t\t\t\t\t\t\t\t\t\t\t\t\t\t\t\t<p class=\"m-0\"><img decoding=\"async\" src=\"https:\/\/myallmeeting.com\/wp-content\/uploads\/2019\/06\/5117-03-633x398.jpg\" class=\"position-relative l-0\" width=\"633\" height=\"398\" alt=\"\" loading=\"lazy\" \/><\/p>\n\t\t\t\t\t\t\t\t\t\t\t<\/div>\n\t\t\t\t<\/div>\n\t\t\t<\/div>\n\t\t<\/div>\n\t<\/div>\n\t<div class=\"tcta2ia__bottom d-lg-none pb-12 py-lg-9 pe-lg-10\">\n\t\t\t\t<div class=\"h2 fs-20 fs-lg-32 fw-semibold\">Sainte-Barbe H\u00f4tel &amp; Spa Le Conquet \u2013 MGallery ****<\/div>\n\t\t\t\t\t\t<div class=\"fs-wysiwyg\"><p><span data-contrast=\"auto\">A trinta minutos do aeroporto de Brest, o rooftop &#8211; suspenso entre o c\u00e9u e o mar &#8211; deste <a href=\"https:\/\/myallmeeting.com\/pt-pt\/hotel\/b1k8-sainte-barbe-hotel-spa-le-conquet-mgalleryopening-may-2019\/\"><strong>MGallery de quatro estrelas<\/strong><\/a> oferece uma bela sele\u00e7\u00e3o de cocktails num <strong>local m\u00e1gico com pores do sol excecionais.<\/strong><\/span><strong>\u00a0<\/strong><\/p>\n<p><span data-contrast=\"auto\">Quanto ao seu restaurante panor\u00e2mico de mariscos \u2013 dirigido por um chef que passou pelas melhores cozinhas da gastronomia francesa -, celebra a riqueza das costas bret\u00e3s num ambiente requintado e de alta qualidade.<\/span><span data-ccp-props=\"{&quot;201341983&quot;:0,&quot;335559739&quot;:160,&quot;335559740&quot;:259}\">\u00a0<\/span><\/p>\n<\/div>\n\t\t\t\t<div class=\"d-flex flex-column flex-lg-row align-items-center gap-5 gap-lg-8 justify-content-between\">\n\t\t\t<div class=\"fs-20 fs-lg-26 fw-semibold lh-xs\"><\/div>\n\t\t\t\t\t<\/div>\n\t<\/div>\n<\/div>\n<!-- END OF : Composant : block-periscope-theme-section-composant-25-texte-cta-2-images.php -->\n\n\n<!-- START OF : Composant : block-periscope-theme-section-composant-33-texte-image.php -->\n<div class=\"text-image fs-wysiwyg mb-8 mb-lg-12\" data-component=\"33-texte-image\">\n\t<div class=\"container-fluid\" style=\"--bs-gutter-x: 0\">\n\t\t<div class=\"row\" style=\"--bs-gutter-x: 0\">\n\t\t\t\t\t\t<div class=\"col-lg-6 mb-7 mb-lg-0\">\n\t\t\t\t<img decoding=\"async\" src=\"https:\/\/myallmeeting.com\/wp-content\/uploads\/2019\/06\/Novotel-Nice-Centre-Vieux-Nice-1-953x600.jpg\" width=\"953\" height=\"600\" alt=\"\" loading=\"lazy\" class=\"w-100\" \/>\n\t\t\t<\/div>\n\t\t\t\t\t\t<div class=\"col-lg-6\">\n\t\t\t\t<div class=\"text-image__content\">\n\t\t\t\t\t\t\t\t\t\t<div class=\"fw-semibold lh-xs fs-20 fs-lg-32 ls--25 mb-5\">Novotel Nice Centre Vieux-Nice ****<\/div>\n\t\t\t\t\t\t\t\t\t\t\t\t\t\t\t<div class=\"fs-wysiwyg\">\n\t\t\t\t\t\t<p><span data-contrast=\"auto\">A 5 minutos do centro da cidade e do Passeio dos Ingleses, o <a href=\"https:\/\/myallmeeting.com\/pt-pt\/hotel\/1103-novotel-nice-centre-vieux-nice\/\">Novotel Nice Centre Vieux-Nice<\/a> oferece uma <strong>vista panor\u00e2mica sobre a cidade desde o seu rooftop.<\/strong> Um espa\u00e7o com piscina e bar, ideal para receber uma noite de cocktail de ver\u00e3o.<\/span><span data-ccp-props=\"{&quot;201341983&quot;:0,&quot;335559739&quot;:160,&quot;335559740&quot;:259}\">\u00a0<\/span><\/p>\n<p><span data-contrast=\"auto\">Em termos de restaura\u00e7\u00e3o, o estabelecimento Le Pois Chiche oferece uma cozinha ni\u00e7oise saborosa, <strong>rotulada como \u201cCuisine Nissarde\u201d<\/strong> pelo seu compromisso com a culin\u00e1ria local e a utiliza\u00e7\u00e3o de produtos locais.<\/span><span data-ccp-props=\"{&quot;201341983&quot;:0,&quot;335559739&quot;:160,&quot;335559740&quot;:259}\">\u00a0<\/span><\/p>\n\t\t\t\t\t<\/div>\n\t\t\t\t\t\t\t\t\t<\/div>\n\t\t\t<\/div>        \n\t\t<\/div>\n\t<\/div>\n<\/div>\n<!-- END OF : Composant : block-periscope-theme-section-composant-33-texte-image.php -->\n\n\n<!-- START OF : Composant : block-periscope-theme-section-composant-33-texte-image.php -->\n<!-- INVERSE -->\n<div class=\"text-image fs-wysiwyg mb-8 mb-lg-12\" data-component=\"33-texte-image\" data-reverse=\"oui\">\n\t<div class=\"container-fluid\" style=\"--bs-gutter-x: 0\">\n\t\t<div class=\"row\" style=\"--bs-gutter-x: 0\">\n\t\t\t<div class=\"col-lg-6\">\n\t\t\t\t<div class=\"text-image__content\">\n\t\t\t\t\t\t\t\t\t\t<div class=\"fw-semibold lh-xs fs-20 fs-lg-32 ls--25 mb-5\">Pullman Montpellier Centre ****<\/div>\n\t\t\t\t\t\t\t\t\t\t\t\t\t\t\t<div class=\"fs-wysiwyg\">\n\t\t\t\t\t\t<p><span data-contrast=\"auto\">Localizado no cora\u00e7\u00e3o do centro hist\u00f3rico de Montpellier, perto da Place de la Com\u00e9die e dos distritos empresariais do \u201cPolygone\u201d, o <a href=\"https:\/\/myallmeeting.com\/pt-pt\/hotel\/1294-pullman-la-pleiade-montpellier-centre\/\">hotel<\/a> domina a cidade a partir do seu terra\u00e7o no telhado.<\/span><span data-ccp-props=\"{&quot;201341983&quot;:0,&quot;335559739&quot;:160,&quot;335559740&quot;:259}\">\u00a0<\/span><\/p>\n<p><span data-contrast=\"auto\">Com um <strong>estilo chique e contempor\u00e2neo<\/strong>, possui uma piscina e um restaurante com vista panor\u00e2mica, o <strong>Vertigo<\/strong>. Pode desfrutar de uma cozinha refinada com sabores mediterr\u00e2neos ou saborear deliciosos cocktails.<\/span><span data-ccp-props=\"{&quot;201341983&quot;:0,&quot;335559739&quot;:160,&quot;335559740&quot;:259}\">\u00a0<\/span><\/p>\n\t\t\t\t\t<\/div>\n\t\t\t\t\t\t\t\t\t<\/div>\n\t\t\t<\/div>    \n\t\t\t    \n\t\t\t<div class=\"col-lg-6 order-first order-lg-last mb-7 mb-lg-0\">\n\t\t\t\t<img decoding=\"async\" src=\"https:\/\/myallmeeting.com\/wp-content\/uploads\/2019\/06\/6757-44-953x600.jpg\" width=\"953\" height=\"600\" alt=\"\" loading=\"lazy\" class=\"w-100\" \/>\n\t\t\t<\/div>\n\t\t\t\t\t<\/div>\n\t<\/div>\n<\/div>\n<!-- END OF : Composant : block-periscope-theme-section-composant-33-texte-image.php -->\n\n\n<!-- START OF : Composant : block-periscope-theme-section-composant-33-texte-image.php -->\n<div class=\"text-image fs-wysiwyg mb-8 mb-lg-12\" data-component=\"33-texte-image\">\n\t<div class=\"container-fluid\" style=\"--bs-gutter-x: 0\">\n\t\t<div class=\"row\" style=\"--bs-gutter-x: 0\">\n\t\t\t\t\t\t<div class=\"col-lg-6 mb-7 mb-lg-0\">\n\t\t\t\t<img decoding=\"async\" src=\"https:\/\/myallmeeting.com\/wp-content\/uploads\/2019\/06\/Mama-Shelter-Toulouse-1-953x600.jpg\" width=\"953\" height=\"600\" alt=\"\" loading=\"lazy\" class=\"w-100\" \/>\n\t\t\t<\/div>\n\t\t\t\t\t\t<div class=\"col-lg-6\">\n\t\t\t\t<div class=\"text-image__content\">\n\t\t\t\t\t\t\t\t\t\t<div class=\"fw-semibold lh-xs fs-20 fs-lg-32 ls--25 mb-5\">Mama Shelter Toulouse<\/div>\n\t\t\t\t\t\t\t\t\t\t\t\t\t\t\t<div class=\"fs-wysiwyg\">\n\t\t\t\t\t\t<p><span data-contrast=\"auto\" xml:lang=\"PT-PT\" lang=\"PT-PT\" class=\"TextRun SCXW18016765 BCX0\"><span class=\"NormalTextRun SCXW18016765 BCX0\">No centro da Cidade Rosa, protegido atr\u00e1s da fachada de uma antiga sala de cinema na <strong>Boulevard Lazare-Carnot<\/strong>, encontra-se o <a href=\"https:\/\/myallmeeting.com\/pt-pt\/hotel\/b395-mama-shelter-toulouse-opening-october-2018\/\">Mama <\/a><\/span><span class=\"NormalTextRun SpellingErrorV2Themed SCXW18016765 BCX0\">Shelter<\/span><span class=\"NormalTextRun SCXW18016765 BCX0\">. Desde o seu famoso <\/span><strong><span class=\"NormalTextRun SpellingErrorV2Themed SCXW18016765 BCX0\">rooftop<\/span><\/strong><span class=\"NormalTextRun SCXW18016765 BCX0\"> com estilo \u201c<\/span><span class=\"NormalTextRun SpellingErrorV2Themed SCXW18016765 BCX0\">tropicool<\/span><span class=\"NormalTextRun SCXW18016765 BCX0\">\u201d, pode admirar a paisagem enquanto saboreia um vinho local ou uma pizza acabada de sair do forno.<\/span><\/span><span class=\"EOP SCXW18016765 BCX0\" data-ccp-props=\"{&quot;201341983&quot;:0,&quot;335559739&quot;:160,&quot;335559740&quot;:259}\">\u00a0<\/span><\/p>\n\t\t\t\t\t<\/div>\n\t\t\t\t\t\t\t\t\t<\/div>\n\t\t\t<\/div>        \n\t\t<\/div>\n\t<\/div>\n<\/div>\n<!-- END OF : Composant : block-periscope-theme-section-composant-33-texte-image.php -->\n\n\n<!-- START OF : Composant : block-periscope-theme-section-composant-33-texte-image.php -->\n<!-- INVERSE -->\n<div class=\"text-image fs-wysiwyg mb-8 mb-lg-12\" data-component=\"33-texte-image\" data-reverse=\"oui\">\n\t<div class=\"container-fluid\" style=\"--bs-gutter-x: 0\">\n\t\t<div class=\"row\" style=\"--bs-gutter-x: 0\">\n\t\t\t<div class=\"col-lg-6\">\n\t\t\t\t<div class=\"text-image__content\">\n\t\t\t\t\t\t\t\t\t\t<div class=\"fw-semibold lh-xs fs-20 fs-lg-32 ls--25 mb-5\">Sofitel Marseille Vieux Port *****<\/div>\n\t\t\t\t\t\t\t\t\t\t\t\t\t\t\t<div class=\"fs-wysiwyg\">\n\t\t\t\t\t\t<p><span data-contrast=\"auto\">Do seu bar skylounge Dant\u00e8s, o <a href=\"https:\/\/myallmeeting.com\/pt-pt\/hotel\/0542-sofitel-marseille-vieux-port\/\">Sofitel Marseille Vieux-Port <\/a>oferece a mais bela vista da cidade, com os veleiros abaixo e o Mucem. <strong>Um rooftop onde pode desfrutar do ar marinho,<\/strong> confortavelmente instalado em cadeiras aconchegantes enquanto saboreia um delicioso cocktail.<\/span><span data-ccp-props=\"{&quot;201341983&quot;:0,&quot;335559739&quot;:160,&quot;335559740&quot;:259}\">\u00a0<\/span><\/p>\n<p><span data-ccp-props=\"{&quot;201341983&quot;:0,&quot;335559739&quot;:160,&quot;335559740&quot;:259}\">\u00a0<\/span><\/p>\n<p><span data-contrast=\"auto\">Entre todos estes rooftops, o mais dif\u00edcil certamente n\u00e3o ser\u00e1 reservar em MonMeeting.com, mas sim escolher qual ir\u00e1 acolher a sua pr\u00f3xima noite de ver\u00e3o ao ar livre.<\/span><span data-ccp-props=\"{&quot;201341983&quot;:0,&quot;335559739&quot;:160,&quot;335559740&quot;:259}\">\u00a0<\/span><\/p>\n\t\t\t\t\t<\/div>\n\t\t\t\t\t\t\t\t\t<\/div>\n\t\t\t<\/div>    \n\t\t\t    \n\t\t\t<div class=\"col-lg-6 order-first order-lg-last mb-7 mb-lg-0\">\n\t\t\t\t<img decoding=\"async\" src=\"https:\/\/myallmeeting.com\/wp-content\/uploads\/2019\/06\/Sofitel-Marseille-Vieux-Port-6-953x600.jpg\" width=\"953\" height=\"600\" alt=\"\" loading=\"lazy\" class=\"w-100\" \/>\n\t\t\t<\/div>\n\t\t\t\t\t<\/div>\n\t<\/div>\n<\/div>\n<!-- END OF : Composant : block-periscope-theme-section-composant-33-texte-image.php -->\n","protected":false},"excerpt":{"rendered":"","protected":false},"featured_media":15964882,"menu_order":0,"template":"","periscope_categorie_tax":[3515],"class_list":["post-16038103","article","type-article","status-publish","has-post-thumbnail","hentry","periscope_categorie_tax-tous-nos-tops-selections-pt-pt"],"acf":[],"yoast_head":"<title>A nossa sele\u00e7\u00e3o de rooftops Accor para as suas noites de ver\u00e3o\u00a0 - Accor MyAllMeeting.com<\/title>\n<meta name=\"robots\" content=\"index, follow, max-snippet:-1, max-image-preview:large, max-video-preview:-1\" \/>\n<link rel=\"canonical\" href=\"https:\/\/myallmeeting.com\/pt-pt\/wp-json\/wp\/v2\/article\/16038103\" \/>\n<meta property=\"og:locale\" content=\"pt_PT\" \/>\n<meta property=\"og:type\" content=\"article\" \/>\n<meta property=\"og:title\" content=\"A nossa sele\u00e7\u00e3o de rooftops Accor para as suas noites de ver\u00e3o\u00a0 - Accor MyAllMeeting.com\" \/>\n<meta property=\"og:url\" content=\"https:\/\/myallmeeting.com\/pt-pt\/article\/a-nossa-selecao-de-rooftops-accor-para-as-suas-noites-de-verao\/\" \/>\n<meta property=\"og:site_name\" content=\"Accor MyAllMeeting.com\" \/>\n<meta property=\"article:modified_time\" content=\"2024-07-12T07:27:29+00:00\" \/>\n<meta property=\"og:image\" content=\"http:\/\/myallmeeting.com\/wp-content\/uploads\/2019\/06\/Sofitel-Marseille-Vieux-Port-1024x304.png\" \/>\n\t<meta property=\"og:image:width\" content=\"1024\" \/>\n\t<meta property=\"og:image:height\" content=\"304\" \/>\n\t<meta property=\"og:image:type\" content=\"image\/png\" \/>\n<meta name=\"twitter:card\" content=\"summary_large_image\" \/>\n<meta name=\"twitter:label1\" content=\"Est. reading time\" \/>\n\t<meta name=\"twitter:data1\" content=\"4 minutes\" \/>\n<script type=\"application\/ld+json\" class=\"yoast-schema-graph\">{\"@context\":\"https:\/\/schema.org\",\"@graph\":[{\"@type\":\"WebPage\",\"@id\":\"https:\/\/myallmeeting.com\/pt-pt\/article\/a-nossa-selecao-de-rooftops-accor-para-as-suas-noites-de-verao\/\",\"url\":\"https:\/\/myallmeeting.com\/pt-pt\/article\/a-nossa-selecao-de-rooftops-accor-para-as-suas-noites-de-verao\/\",\"name\":\"A nossa sele\u00e7\u00e3o de rooftops Accor para as suas noites de ver\u00e3o\u00a0 - Accor MyAllMeeting.com\",\"isPartOf\":{\"@id\":\"https:\/\/www.myallmeeting.com\/pt-pt\/#website\"},\"primaryImageOfPage\":{\"@id\":\"https:\/\/myallmeeting.com\/pt-pt\/article\/a-nossa-selecao-de-rooftops-accor-para-as-suas-noites-de-verao\/#primaryimage\"},\"image\":{\"@id\":\"https:\/\/myallmeeting.com\/pt-pt\/article\/a-nossa-selecao-de-rooftops-accor-para-as-suas-noites-de-verao\/#primaryimage\"},\"thumbnailUrl\":\"https:\/\/myallmeeting.com\/wp-content\/uploads\/2019\/06\/Sofitel-Marseille-Vieux-Port.png\",\"datePublished\":\"2019-06-20T16:07:17+00:00\",\"dateModified\":\"2024-07-12T07:27:29+00:00\",\"breadcrumb\":{\"@id\":\"https:\/\/myallmeeting.com\/pt-pt\/article\/a-nossa-selecao-de-rooftops-accor-para-as-suas-noites-de-verao\/#breadcrumb\"},\"inLanguage\":\"pt-PT\",\"potentialAction\":[{\"@type\":\"ReadAction\",\"target\":[\"https:\/\/myallmeeting.com\/pt-pt\/article\/a-nossa-selecao-de-rooftops-accor-para-as-suas-noites-de-verao\/\"]}]},{\"@type\":\"ImageObject\",\"inLanguage\":\"pt-PT\",\"@id\":\"https:\/\/myallmeeting.com\/pt-pt\/article\/a-nossa-selecao-de-rooftops-accor-para-as-suas-noites-de-verao\/#primaryimage\",\"url\":\"https:\/\/myallmeeting.com\/wp-content\/uploads\/2019\/06\/Sofitel-Marseille-Vieux-Port.png\",\"contentUrl\":\"https:\/\/myallmeeting.com\/wp-content\/uploads\/2019\/06\/Sofitel-Marseille-Vieux-Port.png\",\"width\":1920,\"height\":570},{\"@type\":\"BreadcrumbList\",\"@id\":\"https:\/\/myallmeeting.com\/pt-pt\/article\/a-nossa-selecao-de-rooftops-accor-para-as-suas-noites-de-verao\/#breadcrumb\",\"itemListElement\":[{\"@type\":\"ListItem\",\"position\":1,\"name\":\"P\u00e1gina inicial\",\"item\":\"https:\/\/myallmeeting.com\/pt-pt\/\"},{\"@type\":\"ListItem\",\"position\":2,\"name\":\"Not\u00edcias\",\"item\":\"https:\/\/myallmeeting.com\/pt-pt\/noticias\/\"},{\"@type\":\"ListItem\",\"position\":3,\"name\":\"A nossa sele\u00e7\u00e3o de rooftops Accor para as suas noites de ver\u00e3o\u00a0\"}]},{\"@type\":\"WebSite\",\"@id\":\"https:\/\/www.myallmeeting.com\/pt-pt\/#website\",\"url\":\"https:\/\/www.myallmeeting.com\/pt-pt\/\",\"name\":\"Accor MyAllMeeting.com\",\"description\":\"Les Meilleurs lieux pour vos Ev\u00e9nements Professionnels\",\"publisher\":{\"@id\":\"https:\/\/www.myallmeeting.com\/pt-pt\/#organization\"},\"potentialAction\":[{\"@type\":\"SearchAction\",\"target\":{\"@type\":\"EntryPoint\",\"urlTemplate\":\"https:\/\/www.myallmeeting.com\/pt-pt\/?s={search_term_string}\"},\"query-input\":{\"@type\":\"PropertyValueSpecification\",\"valueRequired\":true,\"valueName\":\"search_term_string\"}}],\"inLanguage\":\"pt-PT\"},{\"@type\":\"Organization\",\"@id\":\"https:\/\/www.myallmeeting.com\/pt-pt\/#organization\",\"name\":\"ACCOR\",\"url\":\"https:\/\/www.myallmeeting.com\/pt-pt\/\",\"logo\":{\"@type\":\"ImageObject\",\"inLanguage\":\"pt-PT\",\"@id\":\"https:\/\/www.myallmeeting.com\/pt-pt\/#\/schema\/logo\/image\/\",\"url\":\"\",\"contentUrl\":\"\",\"caption\":\"ACCOR\"},\"image\":{\"@id\":\"https:\/\/www.myallmeeting.com\/pt-pt\/#\/schema\/logo\/image\/\"}}]}<\/script>","yoast_head_json":{"title":"A nossa sele\u00e7\u00e3o de rooftops Accor para as suas noites de ver\u00e3o\u00a0 - Accor MyAllMeeting.com","robots":{"index":"index","follow":"follow","max-snippet":"max-snippet:-1","max-image-preview":"max-image-preview:large","max-video-preview":"max-video-preview:-1"},"canonical":"https:\/\/myallmeeting.com\/pt-pt\/wp-json\/wp\/v2\/article\/16038103","og_locale":"pt_PT","og_type":"article","og_title":"A nossa sele\u00e7\u00e3o de rooftops Accor para as suas noites de ver\u00e3o\u00a0 - Accor MyAllMeeting.com","og_url":"https:\/\/myallmeeting.com\/pt-pt\/article\/a-nossa-selecao-de-rooftops-accor-para-as-suas-noites-de-verao\/","og_site_name":"Accor MyAllMeeting.com","article_modified_time":"2024-07-12T07:27:29+00:00","og_image":[{"width":1024,"height":304,"url":"http:\/\/myallmeeting.com\/wp-content\/uploads\/2019\/06\/Sofitel-Marseille-Vieux-Port-1024x304.png","type":"image\/png"}],"twitter_card":"summary_large_image","twitter_misc":{"Est. reading time":"4 minutes"},"schema":{"@context":"https:\/\/schema.org","@graph":[{"@type":"WebPage","@id":"https:\/\/myallmeeting.com\/pt-pt\/article\/a-nossa-selecao-de-rooftops-accor-para-as-suas-noites-de-verao\/","url":"https:\/\/myallmeeting.com\/pt-pt\/article\/a-nossa-selecao-de-rooftops-accor-para-as-suas-noites-de-verao\/","name":"A nossa sele\u00e7\u00e3o de rooftops Accor para as suas noites de ver\u00e3o\u00a0 - Accor MyAllMeeting.com","isPartOf":{"@id":"https:\/\/www.myallmeeting.com\/pt-pt\/#website"},"primaryImageOfPage":{"@id":"https:\/\/myallmeeting.com\/pt-pt\/article\/a-nossa-selecao-de-rooftops-accor-para-as-suas-noites-de-verao\/#primaryimage"},"image":{"@id":"https:\/\/myallmeeting.com\/pt-pt\/article\/a-nossa-selecao-de-rooftops-accor-para-as-suas-noites-de-verao\/#primaryimage"},"thumbnailUrl":"https:\/\/myallmeeting.com\/wp-content\/uploads\/2019\/06\/Sofitel-Marseille-Vieux-Port.png","datePublished":"2019-06-20T16:07:17+00:00","dateModified":"2024-07-12T07:27:29+00:00","breadcrumb":{"@id":"https:\/\/myallmeeting.com\/pt-pt\/article\/a-nossa-selecao-de-rooftops-accor-para-as-suas-noites-de-verao\/#breadcrumb"},"inLanguage":"pt-PT","potentialAction":[{"@type":"ReadAction","target":["https:\/\/myallmeeting.com\/pt-pt\/article\/a-nossa-selecao-de-rooftops-accor-para-as-suas-noites-de-verao\/"]}]},{"@type":"ImageObject","inLanguage":"pt-PT","@id":"https:\/\/myallmeeting.com\/pt-pt\/article\/a-nossa-selecao-de-rooftops-accor-para-as-suas-noites-de-verao\/#primaryimage","url":"https:\/\/myallmeeting.com\/wp-content\/uploads\/2019\/06\/Sofitel-Marseille-Vieux-Port.png","contentUrl":"https:\/\/myallmeeting.com\/wp-content\/uploads\/2019\/06\/Sofitel-Marseille-Vieux-Port.png","width":1920,"height":570},{"@type":"BreadcrumbList","@id":"https:\/\/myallmeeting.com\/pt-pt\/article\/a-nossa-selecao-de-rooftops-accor-para-as-suas-noites-de-verao\/#breadcrumb","itemListElement":[{"@type":"ListItem","position":1,"name":"P\u00e1gina inicial","item":"https:\/\/myallmeeting.com\/pt-pt\/"},{"@type":"ListItem","position":2,"name":"Not\u00edcias","item":"https:\/\/myallmeeting.com\/pt-pt\/noticias\/"},{"@type":"ListItem","position":3,"name":"A nossa sele\u00e7\u00e3o de rooftops Accor para as suas noites de ver\u00e3o\u00a0"}]},{"@type":"WebSite","@id":"https:\/\/www.myallmeeting.com\/pt-pt\/#website","url":"https:\/\/www.myallmeeting.com\/pt-pt\/","name":"Accor MyAllMeeting.com","description":"Les Meilleurs lieux pour vos Ev\u00e9nements Professionnels","publisher":{"@id":"https:\/\/www.myallmeeting.com\/pt-pt\/#organization"},"potentialAction":[{"@type":"SearchAction","target":{"@type":"EntryPoint","urlTemplate":"https:\/\/www.myallmeeting.com\/pt-pt\/?s={search_term_string}"},"query-input":{"@type":"PropertyValueSpecification","valueRequired":true,"valueName":"search_term_string"}}],"inLanguage":"pt-PT"},{"@type":"Organization","@id":"https:\/\/www.myallmeeting.com\/pt-pt\/#organization","name":"ACCOR","url":"https:\/\/www.myallmeeting.com\/pt-pt\/","logo":{"@type":"ImageObject","inLanguage":"pt-PT","@id":"https:\/\/www.myallmeeting.com\/pt-pt\/#\/schema\/logo\/image\/","url":"","contentUrl":"","caption":"ACCOR"},"image":{"@id":"https:\/\/www.myallmeeting.com\/pt-pt\/#\/schema\/logo\/image\/"}}]}},"_links":{"self":[{"href":"https:\/\/myallmeeting.com\/pt-pt\/wp-json\/wp\/v2\/article\/16038103","targetHints":{"allow":["GET"]}}],"collection":[{"href":"https:\/\/myallmeeting.com\/pt-pt\/wp-json\/wp\/v2\/article"}],"about":[{"href":"https:\/\/myallmeeting.com\/pt-pt\/wp-json\/wp\/v2\/types\/article"}],"wp:featuredmedia":[{"embeddable":true,"href":"https:\/\/myallmeeting.com\/pt-pt\/wp-json\/wp\/v2\/media\/15964882"}],"wp:attachment":[{"href":"https:\/\/myallmeeting.com\/pt-pt\/wp-json\/wp\/v2\/media?parent=16038103"}],"wp:term":[{"taxonomy":"periscope_categorie_tax","embeddable":true,"href":"https:\/\/myallmeeting.com\/pt-pt\/wp-json\/wp\/v2\/periscope_categorie_tax?post=16038103"}],"curies":[{"name":"wp","href":"https:\/\/api.w.org\/{rel}","templated":true}]}}