{"id":16037583,"date":"2017-06-09T17:22:49","date_gmt":"2017-06-09T15:22:49","guid":{"rendered":"https:\/\/myallmeeting.com\/article\/une-vue-de-reve-pour-un-seminaire-haut-de-gamme-au-sofitel-marseille-vieux-port\/"},"modified":"2024-07-16T18:08:10","modified_gmt":"2024-07-16T16:08:10","slug":"uma-vista-de-sonho-para-um-seminario-de-alto-nivel-no-sofitel-marseille-vieux-port","status":"publish","type":"article","link":"https:\/\/myallmeeting.com\/pt-pt\/article\/uma-vista-de-sonho-para-um-seminario-de-alto-nivel-no-sofitel-marseille-vieux-port\/","title":{"rendered":"Uma vista de sonho para um semin\u00e1rio de alto n\u00edvel no Sofitel Marseille Vieux-Port\u00a0\u00a0"},"content":{"rendered":"<!-- START OF : Composant : block-periscope-theme-section-composant-25-texte-cta-2-images.php -->\n<div class=\"tcta2ia bg-white fs-wysiwyg mb-lg-12\" data-component=\"25-texte-cta-2-images\">\n\t<div class=\"tcta2ia__top\">\n\t\t<div class=\"container-fluid\" style=\"--bs-gutter-x: 0\">\n\t\t\t<div class=\"row\" style=\"--bs-gutter-x: 0\">\n\t\t\t\t<div class=\"col-lg-8\">\n\t\t\t\t\t\t\t\t\t\t<div class=\"bloc-mise-en-avant__top__left\">\n\t\t\t\t\t\t<img decoding=\"async\" src=\"https:\/\/myallmeeting.com\/wp-content\/uploads\/2017\/06\/6829-91-1268x846.jpg\" class=\"pe-2 pe-lg-0\" width=\"1268\" height=\"846\" alt=\"s\u00e9minaire haut de gamme salle banquet vue\" loading=\"lazy\" \/>\n\t\t\t\t\t<\/div>\n\t\t\t\t\t\t\t\t\t\t<div class=\"tcta2ia__bottom d-none d-lg-block pb-12 pt-lg-9 pb-lg-0 pe-lg-10\">\n\t\t\t\t\t\t\t\t\t\t\t\t<h2 class=\"fs-20 fs-lg-32 fw-semibold\">O hotel disp\u00f5e de 7 salas de reuni\u00e3o para at\u00e9 130 pessoas em formato de semin\u00e1rio e 220 em formato de cocktail. <\/h2>\n\t\t\t\t\t\t\t\t\t\t\t\t\t\t\t\t\t\t<div class=\"fs-wysiwyg\"><p><span data-contrast=\"none\">Os sal\u00f5es modul\u00e1veis com vista panor\u00e2mica e terra\u00e7os s\u00e3o privativos, assim como a brasserie <strong>Le Carr\u00e9,<\/strong> eleita \u201c<strong>Melhor terra\u00e7o de hotel da Europa<\/strong>\u201d pelo Prix Vill\u00e9giature.<\/span><span data-ccp-props=\"{&quot;201341983&quot;:0,&quot;335551550&quot;:6,&quot;335551620&quot;:6,&quot;335557856&quot;:16119028,&quot;335559739&quot;:165,&quot;335559740&quot;:240}\">\u00a0<\/span><\/p>\n<p><span data-contrast=\"none\">Poder\u00e1 ainda desfrutar de um restaurante no 7.\u00ba e \u00faltimo andar, com um rooftop de 100 m\u00b2, para um brunch com 250 pessoas ou uma festa at\u00e9 350 pessoas. Se desejar organizar um congresso, o lan\u00e7amento de um produto de destaque ou um semin\u00e1rio anual de v\u00e1rios dias, o hotel pode ser totalmente privatizado.<\/span><span data-ccp-props=\"{&quot;201341983&quot;:0,&quot;335551550&quot;:6,&quot;335551620&quot;:6,&quot;335557856&quot;:16119028,&quot;335559739&quot;:165,&quot;335559740&quot;:240}\">\u00a0<\/span><\/p>\n<\/div>\n\t\t\t\t\t\t\t\t\t\t\t\t<div class=\"d-flex flex-column flex-lg-row align-items-center gap-5 gap-lg-8 justify-content-between\">\n\t\t\t\t\t\t\t<div class=\"fs-20 fs-lg-26 fw-semibold lh-xs\"><\/div>\n\t\t\t\t\t\t\t\t\t\t\t\t\t<\/div>\n\t\t\t\t\t<\/div>\n\t\t\t\t<\/div>\n\t\t\t\t<div class=\"col-lg-4\">\n\t\t\t\t\t<div class=\"tcta2ia__top__right t-0 r-0 bg-primary text-white pt-4 pb-4 px-2 pt-lg-8 pb-lg-16 px-lg-11 pb-xl-30\">\n\t\t\t\t\t\t\t\t\t\t\t\t\t\t\t\t\t\t<h2 class=\"unna fs-36 fs-lg-51 fs-xl-75 fs-italic fw-normal text-secondary\">Uma vista de sonho para um semin\u00e1rio de alto n\u00edvel no Sofitel Marseille Vieux-Port  <\/h2>\n\t\t\t\t\t\t\t\t\t\t\t\t\t\t\t\t\t\t<h3 class=\"text-white fs-18 fs-lg-20 fs-xl-28 text-original-case\">Para um comit\u00e9 excecional, um cen\u00e1rio excecional. O Sofitel Marseille Vieux-Port abre as suas portas para todos os tipos de eventos, desde reuni\u00f5es confidenciais do conselho de administra\u00e7\u00e3o at\u00e9 congressos anuais hospedados. Este hotel 5 estrelas possui argumentos s\u00f3lidos num ambiente \u00fanico e aut\u00eantico. <\/h3>\n\t\t\t\t\t\t\t\t\t\t\t\t\t\t\t\t\t\t<div class=\"fs-wysiwyg mb-4 fs-lg-16 fs-xl-20\"><p><span data-contrast=\"none\">Localizado na colina de Saint-Victor, entre o Forte Saint-Jean \u2013 constru\u00eddo para proteger os barcos da popula\u00e7\u00e3o sob Louis XIV \u2013 e o Forte Saint-Nicolas, o <strong>Sofitel Marseille Vieux-Port <\/strong>oferece uma vista deslumbrante sobre o Vieux-Port e os seus 3.000 barcos. Este panorama de 180\u00b0 tamb\u00e9m contempla a Catedral de la Major e o <strong>MuCEM <\/strong>(Museu das Civiliza\u00e7\u00f5es da Europa e do Mediterr\u00e2neo), erguido para celebrar a nomea\u00e7\u00e3o de Marselha como <strong>capital cultural.<\/strong><\/span><strong>\u00a0<\/strong><\/p>\n<p><span data-ccp-props=\"{&quot;201341983&quot;:0,&quot;335551550&quot;:6,&quot;335551620&quot;:6,&quot;335557856&quot;:16119028,&quot;335559739&quot;:165,&quot;335559740&quot;:240}\">\u00a0<\/span><\/p>\n<p><span data-contrast=\"none\">Esta localiza\u00e7\u00e3o excecional proporciona aos visitantes, tanto de lazer como profissionais, um espet\u00e1culo de hist\u00f3ria viva e uma verdadeira bolha de ar acima de Marselha.<\/span><span data-ccp-props=\"{&quot;201341983&quot;:0,&quot;335551550&quot;:6,&quot;335551620&quot;:6,&quot;335557856&quot;:16119028,&quot;335559739&quot;:165,&quot;335559740&quot;:240}\">\u00a0<\/span><\/p>\n<p><span data-ccp-props=\"{&quot;201341983&quot;:0,&quot;335551550&quot;:6,&quot;335551620&quot;:6,&quot;335557856&quot;:16119028,&quot;335559739&quot;:165,&quot;335559740&quot;:240}\">\u00a0<\/span><\/p>\n<p><span data-contrast=\"none\">Um ambiente \u00fanico e confidencial para realizar reuni\u00f5es de alto n\u00edvel como comit\u00e9 de dire\u00e7\u00e3o, conselho de administra\u00e7\u00e3o ou um cocktail seleto no magn\u00edfico terra\u00e7o de 150 m\u00b2 do bar <strong>Le Dant\u00e8s,<\/strong> um dos endere\u00e7os mais procurados da cidade.<\/span><span data-ccp-props=\"{&quot;201341983&quot;:0,&quot;335551550&quot;:6,&quot;335551620&quot;:6,&quot;335557856&quot;:16119028,&quot;335559739&quot;:165,&quot;335559740&quot;:240}\">\u00a0<\/span><\/p>\n<\/div>\n\t\t\t\t\t\t\t\t\t\t\t\t\t\t\t\t\t\t\t\t\t\t\t\t<p class=\"m-0\"><img decoding=\"async\" src=\"https:\/\/myallmeeting.com\/wp-content\/uploads\/2017\/06\/6829-81-633x398.jpg\" class=\"position-relative l-0\" width=\"633\" height=\"398\" alt=\"s\u00e9minaire haut de gamme salle r\u00e9union restaurant vue\" loading=\"lazy\" \/><\/p>\n\t\t\t\t\t\t\t\t\t\t\t<\/div>\n\t\t\t\t<\/div>\n\t\t\t<\/div>\n\t\t<\/div>\n\t<\/div>\n\t<div class=\"tcta2ia__bottom d-lg-none pb-12 py-lg-9 pe-lg-10\">\n\t\t\t\t<div class=\"h2 fs-20 fs-lg-32 fw-semibold\">O hotel disp\u00f5e de 7 salas de reuni\u00e3o para at\u00e9 130 pessoas em formato de semin\u00e1rio e 220 em formato de cocktail. <\/div>\n\t\t\t\t\t\t<div class=\"fs-wysiwyg\"><p><span data-contrast=\"none\">Os sal\u00f5es modul\u00e1veis com vista panor\u00e2mica e terra\u00e7os s\u00e3o privativos, assim como a brasserie <strong>Le Carr\u00e9,<\/strong> eleita \u201c<strong>Melhor terra\u00e7o de hotel da Europa<\/strong>\u201d pelo Prix Vill\u00e9giature.<\/span><span data-ccp-props=\"{&quot;201341983&quot;:0,&quot;335551550&quot;:6,&quot;335551620&quot;:6,&quot;335557856&quot;:16119028,&quot;335559739&quot;:165,&quot;335559740&quot;:240}\">\u00a0<\/span><\/p>\n<p><span data-contrast=\"none\">Poder\u00e1 ainda desfrutar de um restaurante no 7.\u00ba e \u00faltimo andar, com um rooftop de 100 m\u00b2, para um brunch com 250 pessoas ou uma festa at\u00e9 350 pessoas. Se desejar organizar um congresso, o lan\u00e7amento de um produto de destaque ou um semin\u00e1rio anual de v\u00e1rios dias, o hotel pode ser totalmente privatizado.<\/span><span data-ccp-props=\"{&quot;201341983&quot;:0,&quot;335551550&quot;:6,&quot;335551620&quot;:6,&quot;335557856&quot;:16119028,&quot;335559739&quot;:165,&quot;335559740&quot;:240}\">\u00a0<\/span><\/p>\n<\/div>\n\t\t\t\t<div class=\"d-flex flex-column flex-lg-row align-items-center gap-5 gap-lg-8 justify-content-between\">\n\t\t\t<div class=\"fs-20 fs-lg-26 fw-semibold lh-xs\"><\/div>\n\t\t\t\t\t<\/div>\n\t<\/div>\n<\/div>\n<!-- END OF : Composant : block-periscope-theme-section-composant-25-texte-cta-2-images.php -->\n\n\n<!-- START OF : Composant : block-periscope-theme-section-composant-33-texte-image.php -->\n<div class=\"text-image fs-wysiwyg mb-8 mb-lg-12\" data-component=\"33-texte-image\">\n\t<div class=\"container-fluid\" style=\"--bs-gutter-x: 0\">\n\t\t<div class=\"row\" style=\"--bs-gutter-x: 0\">\n\t\t\t\t\t\t<div class=\"col-lg-6 mb-7 mb-lg-0\">\n\t\t\t\t<img decoding=\"async\" src=\"https:\/\/myallmeeting.com\/wp-content\/uploads\/2017\/06\/6096-09-953x600.jpg\" width=\"953\" height=\"600\" alt=\"s\u00e9minaire haut de gamme restaurant rooftop\" loading=\"lazy\" class=\"w-100\" \/>\n\t\t\t<\/div>\n\t\t\t\t\t\t<div class=\"col-lg-6\">\n\t\t\t\t<div class=\"text-image__content\">\n\t\t\t\t\t\t\t\t\t\t<div class=\"fw-semibold lh-xs fs-20 fs-lg-32 ls--25 mb-5\">Al\u00e9m disso, o Sofitel Marseille Vieux-Port oferece: <\/div>\n\t\t\t\t\t\t\t\t\t\t\t\t\t\t\t<div class=\"fs-wysiwyg\">\n\t\t\t\t\t\t<ul>\n<li><span data-contrast=\"none\"><strong>134 quartos e su\u00edtes<\/strong> decorados com o esp\u00edrito de um iate de luxo, com materiais tradicionais como madeira, coral e n\u00e1car.<\/span><span data-ccp-props=\"{&quot;201341983&quot;:0,&quot;335551550&quot;:6,&quot;335551620&quot;:6,&quot;335557856&quot;:16119028,&quot;335559739&quot;:165,&quot;335559740&quot;:240}\"> <\/span><\/li>\n<li><strong>Um restaurante gastron\u00f3mico, Les Trois Forts<\/strong>, liderado h\u00e1 23 anos pelo <strong>Mestre cozinheiro de Fran\u00e7a<\/strong><span data-contrast=\"none\">, o Chef Dominique Fr\u00e9rard, que oferece uma culin\u00e1ria mediterr\u00e2nica e proven\u00e7al com toques asi\u00e1ticos, al\u00e9m de demonstra\u00e7\u00f5es culin\u00e1rias durante os cocktails empresariais.<\/span><span data-ccp-props=\"{&quot;201341983&quot;:0,&quot;335551550&quot;:6,&quot;335551620&quot;:6,&quot;335557856&quot;:16119028,&quot;335559739&quot;:165,&quot;335559740&quot;:240}\"> <\/span><\/li>\n<li>Um <strong>SoSpa by Sofitel<\/strong> ideal para relaxar e revitalizar, com banho turco, sauna, banho relaxante e academia aberta 24 horas por dia, 7 dias por semana.<span data-ccp-props=\"{&quot;201341983&quot;:0,&quot;335551550&quot;:6,&quot;335551620&quot;:6,&quot;335557856&quot;:16119028,&quot;335559739&quot;:165,&quot;335559740&quot;:240}\"> <\/span><\/li>\n<li>Um <strong>centro de neg\u00f3cios<\/strong> acess\u00edvel a qualquer hora do dia ou da noite.<span data-ccp-props=\"{&quot;201341983&quot;:0,&quot;335551550&quot;:6,&quot;335551620&quot;:6,&quot;335557856&quot;:16119028,&quot;335559739&quot;:165,&quot;335559740&quot;:240}\">\u00a0<\/span><\/li>\n<\/ul>\n<p><span data-ccp-props=\"{&quot;201341983&quot;:0,&quot;335551550&quot;:6,&quot;335551620&quot;:6,&quot;335557856&quot;:16119028,&quot;335559739&quot;:165,&quot;335559740&quot;:240}\">\u00a0<\/span><\/p>\n<p><span data-contrast=\"none\">Por fim, o <strong>Sofitel Marseille Vieux-Port<\/strong> est\u00e1 idealmente localizado para atividades de incentivo. Com sa\u00eddas de barco 300 dias por ano para passeios pelas calanques ou regatas at\u00e9 Rioul e ao famoso Ch\u00e2teau d&#8217;If do Conde de Monte Cristo.<\/span><span data-ccp-props=\"{&quot;201341983&quot;:0,&quot;335551550&quot;:6,&quot;335551620&quot;:6,&quot;335557856&quot;:16119028,&quot;335559739&quot;:165,&quot;335559740&quot;:240}\">\u00a0<\/span><\/p>\n<p><span data-contrast=\"none\">Ou desfrutar de um desafio de petanca descontra\u00eddo no boulodrome em frente ao hotel, seguido de um cocktail no <em><strong>skylounge <\/strong><\/em>para apreciar o p\u00f4r do sol sobre o Mediterr\u00e2neo\u2026<\/span><span data-ccp-props=\"{&quot;201341983&quot;:0,&quot;335551550&quot;:6,&quot;335551620&quot;:6,&quot;335557856&quot;:16119028,&quot;335559739&quot;:165,&quot;335559740&quot;:240}\">\u00a0<\/span><\/p>\n\t\t\t\t\t<\/div>\n\t\t\t\t\t\t\t\t\t<\/div>\n\t\t\t<\/div>        \n\t\t<\/div>\n\t<\/div>\n<\/div>\n<!-- END OF : Composant : block-periscope-theme-section-composant-33-texte-image.php -->\n","protected":false},"excerpt":{"rendered":"","protected":false},"featured_media":16034303,"menu_order":0,"template":"","periscope_categorie_tax":[3639],"class_list":["post-16037583","article","type-article","status-publish","has-post-thumbnail","hentry","periscope_categorie_tax-decouvrez-nos-adresses-pt-pt"],"acf":[],"yoast_head":"<title>Uma vista de sonho para um semin\u00e1rio de alto n\u00edvel no Sofitel Marseille Vieux-Port\u00a0\u00a0 - Accor MyAllMeeting.com<\/title>\n<meta name=\"robots\" content=\"index, follow, max-snippet:-1, max-image-preview:large, max-video-preview:-1\" \/>\n<link rel=\"canonical\" href=\"https:\/\/myallmeeting.com\/pt-pt\/wp-json\/wp\/v2\/article\/16037583\" \/>\n<meta property=\"og:locale\" content=\"pt_PT\" \/>\n<meta property=\"og:type\" content=\"article\" \/>\n<meta property=\"og:title\" content=\"Uma vista de sonho para um semin\u00e1rio de alto n\u00edvel no Sofitel Marseille Vieux-Port\u00a0\u00a0 - Accor MyAllMeeting.com\" \/>\n<meta property=\"og:url\" content=\"https:\/\/myallmeeting.com\/pt-pt\/article\/uma-vista-de-sonho-para-um-seminario-de-alto-nivel-no-sofitel-marseille-vieux-port\/\" \/>\n<meta property=\"og:site_name\" content=\"Accor MyAllMeeting.com\" \/>\n<meta property=\"article:modified_time\" content=\"2024-07-16T16:08:10+00:00\" \/>\n<meta property=\"og:image\" content=\"http:\/\/myallmeeting.com\/wp-content\/uploads\/2017\/06\/Marseille.png\" \/>\n\t<meta property=\"og:image:width\" content=\"1920\" \/>\n\t<meta property=\"og:image:height\" content=\"570\" \/>\n\t<meta property=\"og:image:type\" content=\"image\/png\" \/>\n<meta name=\"twitter:card\" content=\"summary_large_image\" \/>\n<meta name=\"twitter:label1\" content=\"Est. reading time\" \/>\n\t<meta name=\"twitter:data1\" content=\"4 minutes\" \/>\n<script type=\"application\/ld+json\" class=\"yoast-schema-graph\">{\"@context\":\"https:\/\/schema.org\",\"@graph\":[{\"@type\":\"WebPage\",\"@id\":\"https:\/\/myallmeeting.com\/pt-pt\/article\/uma-vista-de-sonho-para-um-seminario-de-alto-nivel-no-sofitel-marseille-vieux-port\/\",\"url\":\"https:\/\/myallmeeting.com\/pt-pt\/article\/uma-vista-de-sonho-para-um-seminario-de-alto-nivel-no-sofitel-marseille-vieux-port\/\",\"name\":\"Uma vista de sonho para um semin\u00e1rio de alto n\u00edvel no Sofitel Marseille Vieux-Port\u00a0\u00a0 - Accor MyAllMeeting.com\",\"isPartOf\":{\"@id\":\"https:\/\/www.myallmeeting.com\/pt-pt\/#website\"},\"primaryImageOfPage\":{\"@id\":\"https:\/\/myallmeeting.com\/pt-pt\/article\/uma-vista-de-sonho-para-um-seminario-de-alto-nivel-no-sofitel-marseille-vieux-port\/#primaryimage\"},\"image\":{\"@id\":\"https:\/\/myallmeeting.com\/pt-pt\/article\/uma-vista-de-sonho-para-um-seminario-de-alto-nivel-no-sofitel-marseille-vieux-port\/#primaryimage\"},\"thumbnailUrl\":\"https:\/\/myallmeeting.com\/wp-content\/uploads\/2017\/06\/Marseille.png\",\"datePublished\":\"2017-06-09T15:22:49+00:00\",\"dateModified\":\"2024-07-16T16:08:10+00:00\",\"breadcrumb\":{\"@id\":\"https:\/\/myallmeeting.com\/pt-pt\/article\/uma-vista-de-sonho-para-um-seminario-de-alto-nivel-no-sofitel-marseille-vieux-port\/#breadcrumb\"},\"inLanguage\":\"pt-PT\",\"potentialAction\":[{\"@type\":\"ReadAction\",\"target\":[\"https:\/\/myallmeeting.com\/pt-pt\/article\/uma-vista-de-sonho-para-um-seminario-de-alto-nivel-no-sofitel-marseille-vieux-port\/\"]}]},{\"@type\":\"ImageObject\",\"inLanguage\":\"pt-PT\",\"@id\":\"https:\/\/myallmeeting.com\/pt-pt\/article\/uma-vista-de-sonho-para-um-seminario-de-alto-nivel-no-sofitel-marseille-vieux-port\/#primaryimage\",\"url\":\"https:\/\/myallmeeting.com\/wp-content\/uploads\/2017\/06\/Marseille.png\",\"contentUrl\":\"https:\/\/myallmeeting.com\/wp-content\/uploads\/2017\/06\/Marseille.png\",\"width\":1920,\"height\":570},{\"@type\":\"BreadcrumbList\",\"@id\":\"https:\/\/myallmeeting.com\/pt-pt\/article\/uma-vista-de-sonho-para-um-seminario-de-alto-nivel-no-sofitel-marseille-vieux-port\/#breadcrumb\",\"itemListElement\":[{\"@type\":\"ListItem\",\"position\":1,\"name\":\"P\u00e1gina inicial\",\"item\":\"https:\/\/myallmeeting.com\/pt-pt\/\"},{\"@type\":\"ListItem\",\"position\":2,\"name\":\"Not\u00edcias\",\"item\":\"https:\/\/myallmeeting.com\/pt-pt\/noticias\/\"},{\"@type\":\"ListItem\",\"position\":3,\"name\":\"Uma vista de sonho para um semin\u00e1rio de alto n\u00edvel no Sofitel Marseille Vieux-Port\u00a0\u00a0\"}]},{\"@type\":\"WebSite\",\"@id\":\"https:\/\/www.myallmeeting.com\/pt-pt\/#website\",\"url\":\"https:\/\/www.myallmeeting.com\/pt-pt\/\",\"name\":\"Accor MyAllMeeting.com\",\"description\":\"Les Meilleurs lieux pour vos Ev\u00e9nements Professionnels\",\"publisher\":{\"@id\":\"https:\/\/www.myallmeeting.com\/pt-pt\/#organization\"},\"potentialAction\":[{\"@type\":\"SearchAction\",\"target\":{\"@type\":\"EntryPoint\",\"urlTemplate\":\"https:\/\/www.myallmeeting.com\/pt-pt\/?s={search_term_string}\"},\"query-input\":{\"@type\":\"PropertyValueSpecification\",\"valueRequired\":true,\"valueName\":\"search_term_string\"}}],\"inLanguage\":\"pt-PT\"},{\"@type\":\"Organization\",\"@id\":\"https:\/\/www.myallmeeting.com\/pt-pt\/#organization\",\"name\":\"ACCOR\",\"url\":\"https:\/\/www.myallmeeting.com\/pt-pt\/\",\"logo\":{\"@type\":\"ImageObject\",\"inLanguage\":\"pt-PT\",\"@id\":\"https:\/\/www.myallmeeting.com\/pt-pt\/#\/schema\/logo\/image\/\",\"url\":\"\",\"contentUrl\":\"\",\"caption\":\"ACCOR\"},\"image\":{\"@id\":\"https:\/\/www.myallmeeting.com\/pt-pt\/#\/schema\/logo\/image\/\"}}]}<\/script>","yoast_head_json":{"title":"Uma vista de sonho para um semin\u00e1rio de alto n\u00edvel no Sofitel Marseille Vieux-Port\u00a0\u00a0 - Accor MyAllMeeting.com","robots":{"index":"index","follow":"follow","max-snippet":"max-snippet:-1","max-image-preview":"max-image-preview:large","max-video-preview":"max-video-preview:-1"},"canonical":"https:\/\/myallmeeting.com\/pt-pt\/wp-json\/wp\/v2\/article\/16037583","og_locale":"pt_PT","og_type":"article","og_title":"Uma vista de sonho para um semin\u00e1rio de alto n\u00edvel no Sofitel Marseille Vieux-Port\u00a0\u00a0 - Accor MyAllMeeting.com","og_url":"https:\/\/myallmeeting.com\/pt-pt\/article\/uma-vista-de-sonho-para-um-seminario-de-alto-nivel-no-sofitel-marseille-vieux-port\/","og_site_name":"Accor MyAllMeeting.com","article_modified_time":"2024-07-16T16:08:10+00:00","og_image":[{"width":1920,"height":570,"url":"http:\/\/myallmeeting.com\/wp-content\/uploads\/2017\/06\/Marseille.png","type":"image\/png"}],"twitter_card":"summary_large_image","twitter_misc":{"Est. reading time":"4 minutes"},"schema":{"@context":"https:\/\/schema.org","@graph":[{"@type":"WebPage","@id":"https:\/\/myallmeeting.com\/pt-pt\/article\/uma-vista-de-sonho-para-um-seminario-de-alto-nivel-no-sofitel-marseille-vieux-port\/","url":"https:\/\/myallmeeting.com\/pt-pt\/article\/uma-vista-de-sonho-para-um-seminario-de-alto-nivel-no-sofitel-marseille-vieux-port\/","name":"Uma vista de sonho para um semin\u00e1rio de alto n\u00edvel no Sofitel Marseille Vieux-Port\u00a0\u00a0 - Accor MyAllMeeting.com","isPartOf":{"@id":"https:\/\/www.myallmeeting.com\/pt-pt\/#website"},"primaryImageOfPage":{"@id":"https:\/\/myallmeeting.com\/pt-pt\/article\/uma-vista-de-sonho-para-um-seminario-de-alto-nivel-no-sofitel-marseille-vieux-port\/#primaryimage"},"image":{"@id":"https:\/\/myallmeeting.com\/pt-pt\/article\/uma-vista-de-sonho-para-um-seminario-de-alto-nivel-no-sofitel-marseille-vieux-port\/#primaryimage"},"thumbnailUrl":"https:\/\/myallmeeting.com\/wp-content\/uploads\/2017\/06\/Marseille.png","datePublished":"2017-06-09T15:22:49+00:00","dateModified":"2024-07-16T16:08:10+00:00","breadcrumb":{"@id":"https:\/\/myallmeeting.com\/pt-pt\/article\/uma-vista-de-sonho-para-um-seminario-de-alto-nivel-no-sofitel-marseille-vieux-port\/#breadcrumb"},"inLanguage":"pt-PT","potentialAction":[{"@type":"ReadAction","target":["https:\/\/myallmeeting.com\/pt-pt\/article\/uma-vista-de-sonho-para-um-seminario-de-alto-nivel-no-sofitel-marseille-vieux-port\/"]}]},{"@type":"ImageObject","inLanguage":"pt-PT","@id":"https:\/\/myallmeeting.com\/pt-pt\/article\/uma-vista-de-sonho-para-um-seminario-de-alto-nivel-no-sofitel-marseille-vieux-port\/#primaryimage","url":"https:\/\/myallmeeting.com\/wp-content\/uploads\/2017\/06\/Marseille.png","contentUrl":"https:\/\/myallmeeting.com\/wp-content\/uploads\/2017\/06\/Marseille.png","width":1920,"height":570},{"@type":"BreadcrumbList","@id":"https:\/\/myallmeeting.com\/pt-pt\/article\/uma-vista-de-sonho-para-um-seminario-de-alto-nivel-no-sofitel-marseille-vieux-port\/#breadcrumb","itemListElement":[{"@type":"ListItem","position":1,"name":"P\u00e1gina inicial","item":"https:\/\/myallmeeting.com\/pt-pt\/"},{"@type":"ListItem","position":2,"name":"Not\u00edcias","item":"https:\/\/myallmeeting.com\/pt-pt\/noticias\/"},{"@type":"ListItem","position":3,"name":"Uma vista de sonho para um semin\u00e1rio de alto n\u00edvel no Sofitel Marseille Vieux-Port\u00a0\u00a0"}]},{"@type":"WebSite","@id":"https:\/\/www.myallmeeting.com\/pt-pt\/#website","url":"https:\/\/www.myallmeeting.com\/pt-pt\/","name":"Accor MyAllMeeting.com","description":"Les Meilleurs lieux pour vos Ev\u00e9nements Professionnels","publisher":{"@id":"https:\/\/www.myallmeeting.com\/pt-pt\/#organization"},"potentialAction":[{"@type":"SearchAction","target":{"@type":"EntryPoint","urlTemplate":"https:\/\/www.myallmeeting.com\/pt-pt\/?s={search_term_string}"},"query-input":{"@type":"PropertyValueSpecification","valueRequired":true,"valueName":"search_term_string"}}],"inLanguage":"pt-PT"},{"@type":"Organization","@id":"https:\/\/www.myallmeeting.com\/pt-pt\/#organization","name":"ACCOR","url":"https:\/\/www.myallmeeting.com\/pt-pt\/","logo":{"@type":"ImageObject","inLanguage":"pt-PT","@id":"https:\/\/www.myallmeeting.com\/pt-pt\/#\/schema\/logo\/image\/","url":"","contentUrl":"","caption":"ACCOR"},"image":{"@id":"https:\/\/www.myallmeeting.com\/pt-pt\/#\/schema\/logo\/image\/"}}]}},"_links":{"self":[{"href":"https:\/\/myallmeeting.com\/pt-pt\/wp-json\/wp\/v2\/article\/16037583","targetHints":{"allow":["GET"]}}],"collection":[{"href":"https:\/\/myallmeeting.com\/pt-pt\/wp-json\/wp\/v2\/article"}],"about":[{"href":"https:\/\/myallmeeting.com\/pt-pt\/wp-json\/wp\/v2\/types\/article"}],"wp:featuredmedia":[{"embeddable":true,"href":"https:\/\/myallmeeting.com\/pt-pt\/wp-json\/wp\/v2\/media\/16034303"}],"wp:attachment":[{"href":"https:\/\/myallmeeting.com\/pt-pt\/wp-json\/wp\/v2\/media?parent=16037583"}],"wp:term":[{"taxonomy":"periscope_categorie_tax","embeddable":true,"href":"https:\/\/myallmeeting.com\/pt-pt\/wp-json\/wp\/v2\/periscope_categorie_tax?post=16037583"}],"curies":[{"name":"wp","href":"https:\/\/api.w.org\/{rel}","templated":true}]}}