{"id":15226798,"date":"2017-06-09T17:22:49","date_gmt":"2017-06-09T15:22:49","guid":{"rendered":"https:\/\/myallmeeting.com\/article\/une-vue-de-reve-pour-un-seminaire-haut-de-gamme-au-sofitel-marseille-vieux-port\/"},"modified":"2024-07-10T11:07:52","modified_gmt":"2024-07-10T09:07:52","slug":"une-vue-de-reve-pour-un-seminaire-haut-de-gamme-au-sofitel-marseille-vieux-port","status":"publish","type":"article","link":"https:\/\/myallmeeting.com\/fr\/article\/une-vue-de-reve-pour-un-seminaire-haut-de-gamme-au-sofitel-marseille-vieux-port\/","title":{"rendered":"Une vue de r\u00eave pour un s\u00e9minaire haut de gamme au Sofitel Marseille Vieux Port"},"content":{"rendered":"<!-- START OF : Composant : block-periscope-theme-section-composant-25-texte-cta-2-images.php -->\n<div class=\"tcta2ia bg-white fs-wysiwyg mb-lg-12\" data-component=\"25-texte-cta-2-images\">\n\t<div class=\"tcta2ia__top\">\n\t\t<div class=\"container-fluid\" style=\"--bs-gutter-x: 0\">\n\t\t\t<div class=\"row\" style=\"--bs-gutter-x: 0\">\n\t\t\t\t<div class=\"col-lg-8\">\n\t\t\t\t\t\t\t\t\t\t<div class=\"bloc-mise-en-avant__top__left\">\n\t\t\t\t\t\t<img decoding=\"async\" src=\"https:\/\/myallmeeting.com\/wp-content\/uploads\/2017\/06\/6829-91-1268x846.jpg\" class=\"pe-2 pe-lg-0\" width=\"1268\" height=\"846\" alt=\"s\u00e9minaire haut de gamme salle banquet vue\" loading=\"lazy\" \/>\n\t\t\t\t\t<\/div>\n\t\t\t\t\t\t\t\t\t\t<div class=\"tcta2ia__bottom d-none d-lg-block pb-12 pt-lg-9 pb-lg-0 pe-lg-10\">\n\t\t\t\t\t\t\t\t\t\t\t\t<h2 class=\"fs-20 fs-lg-32 fw-semibold\">L\u2019h\u00f4tel propose 7 salles de r\u00e9union pouvant accueillir jusqu\u2019\u00e0 130 personnes en s\u00e9minaire et 220 en cocktail.<\/h2>\n\t\t\t\t\t\t\t\t\t\t\t\t\t\t\t\t\t\t<div class=\"fs-wysiwyg\"><p><span style=\"font-weight: 400;\">Des salons modulables avec vue panoramique et des terrasses sont privatisables, ainsi qu\u2019une brasserie \u2013\u00a0<\/span><b>Le Carr\u00e9<\/b><span style=\"font-weight: 400;\">\u00a0\u2013 \u00e9lue\u00a0<\/span><b>\u00ab\u00a0Meilleure terrasse d\u2019h\u00f4tel d\u2019Europe\u00a0\u00bb<\/b><span style=\"font-weight: 400;\">\u00a0par le Prix Vill\u00e9giature.<\/span><\/p>\n<p><span style=\"font-weight: 400;\">Vous pourrez \u00e9galement disposer d\u2019un restaurant, au 7<\/span><span style=\"font-weight: 400;\">e<\/span><span style=\"font-weight: 400;\">\u00a0et dernier \u00e9tage, avec <\/span><i><span style=\"font-weight: 400;\">rooftop <\/span><\/i><span style=\"font-weight: 400;\">de 100 m<\/span><span style=\"font-weight: 400;\">2<\/span><span style=\"font-weight: 400;\">, pour un brunch de 250 personnes ou une soir\u00e9e jusqu\u2019\u00e0 350 personnes. Si vous souhaitez organiser un congr\u00e8s, un lancement de produit phare ou un s\u00e9minaire annuel h\u00e9berg\u00e9 de plusieurs jours, l\u2019h\u00f4tel est \u00e9galement enti\u00e8rement privatisable.<\/span><\/p>\n<\/div>\n\t\t\t\t\t\t\t\t\t\t\t\t<div class=\"d-flex flex-column flex-lg-row align-items-center gap-5 gap-lg-8 justify-content-between\">\n\t\t\t\t\t\t\t<div class=\"fs-20 fs-lg-26 fw-semibold lh-xs\"><\/div>\n\t\t\t\t\t\t\t\t\t\t\t\t\t<\/div>\n\t\t\t\t\t<\/div>\n\t\t\t\t<\/div>\n\t\t\t\t<div class=\"col-lg-4\">\n\t\t\t\t\t<div class=\"tcta2ia__top__right t-0 r-0 bg-primary text-white pt-4 pb-4 px-2 pt-lg-8 pb-lg-16 px-lg-11 pb-xl-30\">\n\t\t\t\t\t\t\t\t\t\t\t\t\t\t\t\t\t\t<h2 class=\"unna fs-36 fs-lg-51 fs-xl-75 fs-italic fw-normal text-secondary\">Une vue de r\u00eave pour un s\u00e9minaire haut de gamme au Sofitel Marseille Vieux-Port<\/h2>\n\t\t\t\t\t\t\t\t\t\t\t\t\t\t\t\t\t\t<h3 class=\"text-white fs-18 fs-lg-20 fs-xl-28 text-original-case\">\u00c0 comit\u00e9 d\u2019exception, \u00e9crin d\u2019exception. Le Sofitel Marseille Vieux-Port vous ouvre ses portes pour tous types d\u2019\u00e9v\u00e9nements, du conseil d\u2019administration confidentiel au congr\u00e8s annuel h\u00e9berg\u00e9. Un h\u00f4tel 5 \u00e9toiles aux arguments solides dans un cadre unique et authentique.<\/h3>\n\t\t\t\t\t\t\t\t\t\t\t\t\t\t\t\t\t\t<div class=\"fs-wysiwyg mb-4 fs-lg-16 fs-xl-20\"><p><span style=\"font-weight: 400;\">Surplombant le Vieux-Port et ses 3\u00a0000 bateaux, le\u00a0<\/span><b>Sofitel Marseille Vieux-Port<\/b><span style=\"font-weight: 400;\">\u00a0offre la plus belle vue de la cit\u00e9 phoc\u00e9enne.<\/span><\/p>\n<p><span style=\"font-weight: 400;\">Nich\u00e9 sur la colline Saint-Victor, entre le Fort Saint-Jean \u2013 tourn\u00e9 vers les Marseillais pour prot\u00e9ger les bateaux de la population sous Louis XIV \u2013, et le fort Saint-Nicolas, ce panorama \u00e0 180\u00b0 contemple \u00e9galement la cath\u00e9drale de la Major et le\u00a0<\/span><b>Mucem<\/b><span style=\"font-weight: 400;\">\u00a0(Mus\u00e9e des civilisations de l\u2019Europe et de la M\u00e9diterran\u00e9e), \u00e9rig\u00e9 pour c\u00e9l\u00e9brer la nomination de Marseille en qualit\u00e9 de\u00a0<\/span><b>capitale culturelle<\/b><span style=\"font-weight: 400;\">.<\/span><\/p>\n<p><span style=\"font-weight: 400;\">Une localisation exceptionnelle qui offre \u00e0 ses visiteurs loisirs et professionnels un spectacle d\u2019histoire vivante et une v\u00e9ritable bulle d\u2019oxyg\u00e8ne au-dessus de Marseille.<\/span><\/p>\n<p><span style=\"font-weight: 400;\">Un cadre unique et confidentiel pour tenir une r\u00e9union haut de gamme de type comit\u00e9 de direction, conseil d\u2019administration ou un cocktail select sur la magnifique terrasse de 150 m<\/span><span style=\"font-weight: 400;\">2<\/span><span style=\"font-weight: 400;\">\u00a0du bar\u00a0<\/span><b>Le Dant\u00e8s<\/b><span style=\"font-weight: 400;\">, l\u2019une des adresses les plus courues de la ville.<\/span><\/p>\n<\/div>\n\t\t\t\t\t\t\t\t\t\t\t\t\t\t\t\t\t\t\t\t\t\t\t\t<p class=\"m-0\"><img decoding=\"async\" src=\"https:\/\/myallmeeting.com\/wp-content\/uploads\/2017\/06\/6829-81-633x398.jpg\" class=\"position-relative l-0\" width=\"633\" height=\"398\" alt=\"s\u00e9minaire haut de gamme salle r\u00e9union restaurant vue\" loading=\"lazy\" \/><\/p>\n\t\t\t\t\t\t\t\t\t\t\t<\/div>\n\t\t\t\t<\/div>\n\t\t\t<\/div>\n\t\t<\/div>\n\t<\/div>\n\t<div class=\"tcta2ia__bottom d-lg-none pb-12 py-lg-9 pe-lg-10\">\n\t\t\t\t<div class=\"h2 fs-20 fs-lg-32 fw-semibold\">L\u2019h\u00f4tel propose 7 salles de r\u00e9union pouvant accueillir jusqu\u2019\u00e0 130 personnes en s\u00e9minaire et 220 en cocktail.<\/div>\n\t\t\t\t\t\t<div class=\"fs-wysiwyg\"><p><span style=\"font-weight: 400;\">Des salons modulables avec vue panoramique et des terrasses sont privatisables, ainsi qu\u2019une brasserie \u2013\u00a0<\/span><b>Le Carr\u00e9<\/b><span style=\"font-weight: 400;\">\u00a0\u2013 \u00e9lue\u00a0<\/span><b>\u00ab\u00a0Meilleure terrasse d\u2019h\u00f4tel d\u2019Europe\u00a0\u00bb<\/b><span style=\"font-weight: 400;\">\u00a0par le Prix Vill\u00e9giature.<\/span><\/p>\n<p><span style=\"font-weight: 400;\">Vous pourrez \u00e9galement disposer d\u2019un restaurant, au 7<\/span><span style=\"font-weight: 400;\">e<\/span><span style=\"font-weight: 400;\">\u00a0et dernier \u00e9tage, avec <\/span><i><span style=\"font-weight: 400;\">rooftop <\/span><\/i><span style=\"font-weight: 400;\">de 100 m<\/span><span style=\"font-weight: 400;\">2<\/span><span style=\"font-weight: 400;\">, pour un brunch de 250 personnes ou une soir\u00e9e jusqu\u2019\u00e0 350 personnes. Si vous souhaitez organiser un congr\u00e8s, un lancement de produit phare ou un s\u00e9minaire annuel h\u00e9berg\u00e9 de plusieurs jours, l\u2019h\u00f4tel est \u00e9galement enti\u00e8rement privatisable.<\/span><\/p>\n<\/div>\n\t\t\t\t<div class=\"d-flex flex-column flex-lg-row align-items-center gap-5 gap-lg-8 justify-content-between\">\n\t\t\t<div class=\"fs-20 fs-lg-26 fw-semibold lh-xs\"><\/div>\n\t\t\t\t\t<\/div>\n\t<\/div>\n<\/div>\n<!-- END OF : Composant : block-periscope-theme-section-composant-25-texte-cta-2-images.php -->\n\n\n<!-- START OF : Composant : block-periscope-theme-section-composant-33-texte-image.php -->\n<div class=\"text-image fs-wysiwyg mb-8 mb-lg-12\" data-component=\"33-texte-image\">\n\t<div class=\"container-fluid\" style=\"--bs-gutter-x: 0\">\n\t\t<div class=\"row\" style=\"--bs-gutter-x: 0\">\n\t\t\t\t\t\t<div class=\"col-lg-6 mb-7 mb-lg-0\">\n\t\t\t\t<img decoding=\"async\" src=\"https:\/\/myallmeeting.com\/wp-content\/uploads\/2017\/06\/6096-09-953x600.jpg\" width=\"953\" height=\"600\" alt=\"s\u00e9minaire haut de gamme restaurant rooftop\" loading=\"lazy\" class=\"w-100\" \/>\n\t\t\t<\/div>\n\t\t\t\t\t\t<div class=\"col-lg-6\">\n\t\t\t\t<div class=\"text-image__content\">\n\t\t\t\t\t\t\t\t\t\t<div class=\"fw-semibold lh-xs fs-20 fs-lg-32 ls--25 mb-5\">L\u2019h\u00f4tel dispose : <\/div>\n\t\t\t\t\t\t\t\t\t\t\t\t\t\t\t<div class=\"fs-wysiwyg\">\n\t\t\t\t\t\t<ul>\n<li><b>De 134 chambres et suites<\/b><span style=\"font-weight: 400;\">\u00a0d\u00e9cor\u00e9es dans un esprit de cabine de yacht de luxe aux mat\u00e9riaux traditionnels\u00a0: bois, corail, nacre\u2026 D\u2019un\u00a0<\/span><b>restaurant gastronomique, Les Trois Forts<\/b><span style=\"font-weight: 400;\">, tenu depuis 23 ans par le\u00a0<\/span><b>Ma\u00eetre cuisinier de France<\/b><span style=\"font-weight: 400;\">, le Chef Dominique Fr\u00e9rard, qui offre une cuisine m\u00e9diterran\u00e9enne et proven\u00e7ale aux touches asiatiques ainsi que des <\/span><i><span style=\"font-weight: 400;\">shows cooking<\/span><\/i><span style=\"font-weight: 400;\"> pendant les cocktails d\u00eenatoires d\u2019entreprise\u00a0;<\/span><\/li>\n<li><span style=\"font-weight: 400;\">D\u2019un\u00a0<\/span><b>SoSpa by Sofitel\u00a0<\/b><span style=\"font-weight: 400;\">id\u00e9al pour se d\u00e9tendre ou se remettre en forme dans l\u2019un de ses nombreux espaces : hammam, sauna, bain de relaxation et salle de fitness ouverte 24h\/24 et 7j\/7\u00a0;<\/span><\/li>\n<li><span style=\"font-weight: 400;\">Et d\u2019un <\/span><b><i>business center<\/i><\/b><span style=\"font-weight: 400;\"> accessible lui aussi \u00e0 n\u2019importe quelle heure du jour et de la nuit.<\/span><\/li>\n<\/ul>\n<p><span style=\"font-weight: 400;\">Enfin, le\u00a0<\/span><b>Sofitel Marseille Vieux-Port<\/b><span style=\"font-weight: 400;\">\u00a0est id\u00e9alement situ\u00e9 pour des activit\u00e9s <\/span><i><span style=\"font-weight: 400;\">incentive<\/span><\/i><span style=\"font-weight: 400;\">. Avec des d\u00e9parts en bateau 300 jours par an pour faire le tour des calanques ou des r\u00e9gates vers Rioul et le c\u00e9l\u00e8bre Ch\u00e2teau d\u2019If du Comte de Monte-Cristo.<\/span><\/p>\n<p><span style=\"font-weight: 400;\">Ou plus local, un challenge p\u00e9tanque tout en d\u00e9tente sur le boulodrome en face de l\u2019h\u00f4tel suivi d\u2019un cocktail sur le\u00a0<\/span><b><i>skylounge<\/i><\/b><span style=\"font-weight: 400;\">\u00a0pour profiter du coucher du soleil sur la M\u00e9diterran\u00e9e\u2026<\/span><\/p>\n\t\t\t\t\t<\/div>\n\t\t\t\t\t\t\t\t\t<\/div>\n\t\t\t<\/div>        \n\t\t<\/div>\n\t<\/div>\n<\/div>\n<!-- END OF : Composant : block-periscope-theme-section-composant-33-texte-image.php -->\n","protected":false},"excerpt":{"rendered":"<p>D\u00e9couvrez le charme du vieux port de Marseille depuis le Sofitel pour votre prochain s\u00e9minaire.<\/p>\n","protected":false},"featured_media":16034299,"menu_order":0,"template":"","periscope_categorie_tax":[1650],"class_list":["post-15226798","article","type-article","status-publish","has-post-thumbnail","hentry","periscope_categorie_tax-decouvrez-nos-adresses"],"acf":[],"yoast_head":"<title>Une vue de r\u00eave pour un s\u00e9minaire haut de gamme au Sofitel Marseille Vieux Port - Accor MyAllMeeting.com<\/title>\n<meta name=\"robots\" content=\"index, follow, max-snippet:-1, max-image-preview:large, max-video-preview:-1\" \/>\n<link rel=\"canonical\" href=\"https:\/\/myallmeeting.com\/fr\/wp-json\/wp\/v2\/article\/15226798\" \/>\n<meta property=\"og:locale\" content=\"fr_FR\" \/>\n<meta property=\"og:type\" content=\"article\" \/>\n<meta property=\"og:title\" content=\"Une vue de r\u00eave pour un s\u00e9minaire haut de gamme au Sofitel Marseille Vieux Port - Accor MyAllMeeting.com\" \/>\n<meta property=\"og:description\" content=\"D\u00e9couvrez le charme du vieux port de Marseille depuis le Sofitel pour votre prochain s\u00e9minaire.\" \/>\n<meta property=\"og:url\" content=\"https:\/\/myallmeeting.com\/fr\/article\/une-vue-de-reve-pour-un-seminaire-haut-de-gamme-au-sofitel-marseille-vieux-port\/\" \/>\n<meta property=\"og:site_name\" content=\"Accor MyAllMeeting.com\" \/>\n<meta property=\"article:modified_time\" content=\"2024-07-10T09:07:52+00:00\" \/>\n<meta property=\"og:image\" content=\"http:\/\/myallmeeting.com\/wp-content\/uploads\/2017\/06\/Marseille.png\" \/>\n\t<meta property=\"og:image:width\" content=\"1920\" \/>\n\t<meta property=\"og:image:height\" content=\"570\" \/>\n\t<meta property=\"og:image:type\" content=\"image\/png\" \/>\n<meta name=\"twitter:card\" content=\"summary_large_image\" \/>\n<meta name=\"twitter:label1\" content=\"Dur\u00e9e de lecture estim\u00e9e\" \/>\n\t<meta name=\"twitter:data1\" content=\"4 minutes\" \/>\n<script type=\"application\/ld+json\" class=\"yoast-schema-graph\">{\"@context\":\"https:\/\/schema.org\",\"@graph\":[{\"@type\":\"WebPage\",\"@id\":\"https:\/\/myallmeeting.com\/fr\/article\/une-vue-de-reve-pour-un-seminaire-haut-de-gamme-au-sofitel-marseille-vieux-port\/\",\"url\":\"https:\/\/myallmeeting.com\/fr\/article\/une-vue-de-reve-pour-un-seminaire-haut-de-gamme-au-sofitel-marseille-vieux-port\/\",\"name\":\"Une vue de r\u00eave pour un s\u00e9minaire haut de gamme au Sofitel Marseille Vieux Port - Accor MyAllMeeting.com\",\"isPartOf\":{\"@id\":\"https:\/\/www.myallmeeting.com\/fr\/#website\"},\"primaryImageOfPage\":{\"@id\":\"https:\/\/myallmeeting.com\/fr\/article\/une-vue-de-reve-pour-un-seminaire-haut-de-gamme-au-sofitel-marseille-vieux-port\/#primaryimage\"},\"image\":{\"@id\":\"https:\/\/myallmeeting.com\/fr\/article\/une-vue-de-reve-pour-un-seminaire-haut-de-gamme-au-sofitel-marseille-vieux-port\/#primaryimage\"},\"thumbnailUrl\":\"https:\/\/myallmeeting.com\/wp-content\/uploads\/2017\/06\/Marseille.png\",\"datePublished\":\"2017-06-09T15:22:49+00:00\",\"dateModified\":\"2024-07-10T09:07:52+00:00\",\"breadcrumb\":{\"@id\":\"https:\/\/myallmeeting.com\/fr\/article\/une-vue-de-reve-pour-un-seminaire-haut-de-gamme-au-sofitel-marseille-vieux-port\/#breadcrumb\"},\"inLanguage\":\"fr-FR\",\"potentialAction\":[{\"@type\":\"ReadAction\",\"target\":[\"https:\/\/myallmeeting.com\/fr\/article\/une-vue-de-reve-pour-un-seminaire-haut-de-gamme-au-sofitel-marseille-vieux-port\/\"]}]},{\"@type\":\"ImageObject\",\"inLanguage\":\"fr-FR\",\"@id\":\"https:\/\/myallmeeting.com\/fr\/article\/une-vue-de-reve-pour-un-seminaire-haut-de-gamme-au-sofitel-marseille-vieux-port\/#primaryimage\",\"url\":\"https:\/\/myallmeeting.com\/wp-content\/uploads\/2017\/06\/Marseille.png\",\"contentUrl\":\"https:\/\/myallmeeting.com\/wp-content\/uploads\/2017\/06\/Marseille.png\",\"width\":1920,\"height\":570},{\"@type\":\"BreadcrumbList\",\"@id\":\"https:\/\/myallmeeting.com\/fr\/article\/une-vue-de-reve-pour-un-seminaire-haut-de-gamme-au-sofitel-marseille-vieux-port\/#breadcrumb\",\"itemListElement\":[{\"@type\":\"ListItem\",\"position\":1,\"name\":\"Accueil\",\"item\":\"https:\/\/myallmeeting.com\/fr\/\"},{\"@type\":\"ListItem\",\"position\":2,\"name\":\"Actualit\u00e9s\",\"item\":\"https:\/\/myallmeeting.com\/fr\/actualite\/\"},{\"@type\":\"ListItem\",\"position\":3,\"name\":\"Une vue de r\u00eave pour un s\u00e9minaire haut de gamme au Sofitel Marseille Vieux Port\"}]},{\"@type\":\"WebSite\",\"@id\":\"https:\/\/www.myallmeeting.com\/fr\/#website\",\"url\":\"https:\/\/www.myallmeeting.com\/fr\/\",\"name\":\"Accor MyAllMeeting.com\",\"description\":\"Les Meilleurs lieux pour vos Ev\u00e9nements Professionnels\",\"publisher\":{\"@id\":\"https:\/\/www.myallmeeting.com\/fr\/#organization\"},\"potentialAction\":[{\"@type\":\"SearchAction\",\"target\":{\"@type\":\"EntryPoint\",\"urlTemplate\":\"https:\/\/www.myallmeeting.com\/fr\/?s={search_term_string}\"},\"query-input\":{\"@type\":\"PropertyValueSpecification\",\"valueRequired\":true,\"valueName\":\"search_term_string\"}}],\"inLanguage\":\"fr-FR\"},{\"@type\":\"Organization\",\"@id\":\"https:\/\/www.myallmeeting.com\/fr\/#organization\",\"name\":\"ACCOR\",\"url\":\"https:\/\/www.myallmeeting.com\/fr\/\",\"logo\":{\"@type\":\"ImageObject\",\"inLanguage\":\"fr-FR\",\"@id\":\"https:\/\/www.myallmeeting.com\/fr\/#\/schema\/logo\/image\/\",\"url\":\"\",\"contentUrl\":\"\",\"caption\":\"ACCOR\"},\"image\":{\"@id\":\"https:\/\/www.myallmeeting.com\/fr\/#\/schema\/logo\/image\/\"}}]}<\/script>","yoast_head_json":{"title":"Une vue de r\u00eave pour un s\u00e9minaire haut de gamme au Sofitel Marseille Vieux Port - Accor MyAllMeeting.com","robots":{"index":"index","follow":"follow","max-snippet":"max-snippet:-1","max-image-preview":"max-image-preview:large","max-video-preview":"max-video-preview:-1"},"canonical":"https:\/\/myallmeeting.com\/fr\/wp-json\/wp\/v2\/article\/15226798","og_locale":"fr_FR","og_type":"article","og_title":"Une vue de r\u00eave pour un s\u00e9minaire haut de gamme au Sofitel Marseille Vieux Port - Accor MyAllMeeting.com","og_description":"D\u00e9couvrez le charme du vieux port de Marseille depuis le Sofitel pour votre prochain s\u00e9minaire.","og_url":"https:\/\/myallmeeting.com\/fr\/article\/une-vue-de-reve-pour-un-seminaire-haut-de-gamme-au-sofitel-marseille-vieux-port\/","og_site_name":"Accor MyAllMeeting.com","article_modified_time":"2024-07-10T09:07:52+00:00","og_image":[{"width":1920,"height":570,"url":"http:\/\/myallmeeting.com\/wp-content\/uploads\/2017\/06\/Marseille.png","type":"image\/png"}],"twitter_card":"summary_large_image","twitter_misc":{"Dur\u00e9e de lecture estim\u00e9e":"4 minutes"},"schema":{"@context":"https:\/\/schema.org","@graph":[{"@type":"WebPage","@id":"https:\/\/myallmeeting.com\/fr\/article\/une-vue-de-reve-pour-un-seminaire-haut-de-gamme-au-sofitel-marseille-vieux-port\/","url":"https:\/\/myallmeeting.com\/fr\/article\/une-vue-de-reve-pour-un-seminaire-haut-de-gamme-au-sofitel-marseille-vieux-port\/","name":"Une vue de r\u00eave pour un s\u00e9minaire haut de gamme au Sofitel Marseille Vieux Port - Accor MyAllMeeting.com","isPartOf":{"@id":"https:\/\/www.myallmeeting.com\/fr\/#website"},"primaryImageOfPage":{"@id":"https:\/\/myallmeeting.com\/fr\/article\/une-vue-de-reve-pour-un-seminaire-haut-de-gamme-au-sofitel-marseille-vieux-port\/#primaryimage"},"image":{"@id":"https:\/\/myallmeeting.com\/fr\/article\/une-vue-de-reve-pour-un-seminaire-haut-de-gamme-au-sofitel-marseille-vieux-port\/#primaryimage"},"thumbnailUrl":"https:\/\/myallmeeting.com\/wp-content\/uploads\/2017\/06\/Marseille.png","datePublished":"2017-06-09T15:22:49+00:00","dateModified":"2024-07-10T09:07:52+00:00","breadcrumb":{"@id":"https:\/\/myallmeeting.com\/fr\/article\/une-vue-de-reve-pour-un-seminaire-haut-de-gamme-au-sofitel-marseille-vieux-port\/#breadcrumb"},"inLanguage":"fr-FR","potentialAction":[{"@type":"ReadAction","target":["https:\/\/myallmeeting.com\/fr\/article\/une-vue-de-reve-pour-un-seminaire-haut-de-gamme-au-sofitel-marseille-vieux-port\/"]}]},{"@type":"ImageObject","inLanguage":"fr-FR","@id":"https:\/\/myallmeeting.com\/fr\/article\/une-vue-de-reve-pour-un-seminaire-haut-de-gamme-au-sofitel-marseille-vieux-port\/#primaryimage","url":"https:\/\/myallmeeting.com\/wp-content\/uploads\/2017\/06\/Marseille.png","contentUrl":"https:\/\/myallmeeting.com\/wp-content\/uploads\/2017\/06\/Marseille.png","width":1920,"height":570},{"@type":"BreadcrumbList","@id":"https:\/\/myallmeeting.com\/fr\/article\/une-vue-de-reve-pour-un-seminaire-haut-de-gamme-au-sofitel-marseille-vieux-port\/#breadcrumb","itemListElement":[{"@type":"ListItem","position":1,"name":"Accueil","item":"https:\/\/myallmeeting.com\/fr\/"},{"@type":"ListItem","position":2,"name":"Actualit\u00e9s","item":"https:\/\/myallmeeting.com\/fr\/actualite\/"},{"@type":"ListItem","position":3,"name":"Une vue de r\u00eave pour un s\u00e9minaire haut de gamme au Sofitel Marseille Vieux Port"}]},{"@type":"WebSite","@id":"https:\/\/www.myallmeeting.com\/fr\/#website","url":"https:\/\/www.myallmeeting.com\/fr\/","name":"Accor MyAllMeeting.com","description":"Les Meilleurs lieux pour vos Ev\u00e9nements Professionnels","publisher":{"@id":"https:\/\/www.myallmeeting.com\/fr\/#organization"},"potentialAction":[{"@type":"SearchAction","target":{"@type":"EntryPoint","urlTemplate":"https:\/\/www.myallmeeting.com\/fr\/?s={search_term_string}"},"query-input":{"@type":"PropertyValueSpecification","valueRequired":true,"valueName":"search_term_string"}}],"inLanguage":"fr-FR"},{"@type":"Organization","@id":"https:\/\/www.myallmeeting.com\/fr\/#organization","name":"ACCOR","url":"https:\/\/www.myallmeeting.com\/fr\/","logo":{"@type":"ImageObject","inLanguage":"fr-FR","@id":"https:\/\/www.myallmeeting.com\/fr\/#\/schema\/logo\/image\/","url":"","contentUrl":"","caption":"ACCOR"},"image":{"@id":"https:\/\/www.myallmeeting.com\/fr\/#\/schema\/logo\/image\/"}}]}},"_links":{"self":[{"href":"https:\/\/myallmeeting.com\/fr\/wp-json\/wp\/v2\/article\/15226798","targetHints":{"allow":["GET"]}}],"collection":[{"href":"https:\/\/myallmeeting.com\/fr\/wp-json\/wp\/v2\/article"}],"about":[{"href":"https:\/\/myallmeeting.com\/fr\/wp-json\/wp\/v2\/types\/article"}],"wp:featuredmedia":[{"embeddable":true,"href":"https:\/\/myallmeeting.com\/fr\/wp-json\/wp\/v2\/media\/16034299"}],"wp:attachment":[{"href":"https:\/\/myallmeeting.com\/fr\/wp-json\/wp\/v2\/media?parent=15226798"}],"wp:term":[{"taxonomy":"periscope_categorie_tax","embeddable":true,"href":"https:\/\/myallmeeting.com\/fr\/wp-json\/wp\/v2\/periscope_categorie_tax?post=15226798"}],"curies":[{"name":"wp","href":"https:\/\/api.w.org\/{rel}","templated":true}]}}