{"id":15226714,"date":"2019-09-11T15:23:53","date_gmt":"2019-09-11T13:23:53","guid":{"rendered":"https:\/\/myallmeeting.com\/article\/un-seminaire-en-bretagne-pour-une-reunion-avec-la-mer\/"},"modified":"2024-11-22T16:54:45","modified_gmt":"2024-11-22T15:54:45","slug":"un-seminaire-en-bretagne-pour-une-reunion-avec-la-mer","status":"publish","type":"article","link":"https:\/\/myallmeeting.com\/fr\/article\/un-seminaire-en-bretagne-pour-une-reunion-avec-la-mer\/","title":{"rendered":"Un s\u00e9minaire en Bretagne pour une r\u00e9union avec la mer"},"content":{"rendered":"<!-- START OF : Composant : block-periscope-theme-section-composant-25-texte-cta-2-images.php -->\n<div class=\"tcta2ia bg-white fs-wysiwyg mb-lg-12\" data-component=\"25-texte-cta-2-images\">\n\t<div class=\"tcta2ia__top\">\n\t\t<div class=\"container-fluid\" style=\"--bs-gutter-x: 0\">\n\t\t\t<div class=\"row\" style=\"--bs-gutter-x: 0\">\n\t\t\t\t<div class=\"col-lg-8\">\n\t\t\t\t\t\t\t\t\t\t<div class=\"bloc-mise-en-avant__top__left\">\n\t\t\t\t\t\t<img decoding=\"async\" src=\"https:\/\/myallmeeting.com\/wp-content\/uploads\/2019\/09\/aja_p_6598-10__original-1268x846.jpeg\" class=\"pe-2 pe-lg-0\" width=\"1268\" height=\"846\" alt=\"\" loading=\"lazy\" \/>\n\t\t\t\t\t<\/div>\n\t\t\t\t\t\t\t\t\t\t<div class=\"tcta2ia__bottom d-none d-lg-block pb-12 pt-lg-9 pb-lg-0 pe-lg-10\">\n\t\t\t\t\t\t\t\t\t\t\t\t<h2 class=\"fs-20 fs-lg-32 fw-semibold\">H\u00f4tel Mercure Roscoff Bord de Mer<\/h2>\n\t\t\t\t\t\t\t\t\t\t\t\t\t\t\t\t\t\t<div class=\"fs-wysiwyg\"><p><span style=\"font-weight: 400;\">Enti\u00e8rement r\u00e9nov\u00e9 dans l\u2019esprit d\u2019une maison de marin breton en plein c\u0153ur de cette ancienne cit\u00e9 corsaire, <\/span><b><a href=\"https:\/\/myallmeeting.com\/fr\/hotel\/b535-hotel-mercure-roscoff-bord-de-mer-opening-april-2019\/\" target=\"_blank\" rel=\"noopener\">cet h\u00f4tel<\/a> berc\u00e9 par la mar\u00e9e a rouvert ses portes en avril dernier<\/b><span style=\"font-weight: 400;\">. Un cadre authentique qui ne manquera pas de donner ce <\/span><b>suppl\u00e9ment d\u2019\u00e2me \u00e0 votre visite<\/b><span style=\"font-weight: 400;\">.<\/span><\/p>\n<p><span style=\"font-weight: 400;\">Chaque espace de l\u2019h\u00f4tel vous permettra de vivre un face \u00e0 face \u00e9mouvant avec l\u2019horizon\u2026 Vous pourrez \u00e9galement y tenir une r\u00e9union entre\u00a0<\/span><i><span style=\"font-weight: 400;\">happy few<\/span><\/i><span style=\"font-weight: 400;\">\u00a0dans une salle pouvant accueillir jusqu\u2019\u00e0 <\/span><b>12 participants<\/b><span style=\"font-weight: 400;\">.<\/span><\/p>\n<\/div>\n\t\t\t\t\t\t\t\t\t\t\t\t<div class=\"d-flex flex-column flex-lg-row align-items-center gap-5 gap-lg-8 justify-content-between\">\n\t\t\t\t\t\t\t<div class=\"fs-20 fs-lg-26 fw-semibold lh-xs\"><\/div>\n\t\t\t\t\t\t\t\t\t\t\t\t\t<\/div>\n\t\t\t\t\t<\/div>\n\t\t\t\t<\/div>\n\t\t\t\t<div class=\"col-lg-4\">\n\t\t\t\t\t<div class=\"tcta2ia__top__right t-0 r-0 bg-primary text-white pt-4 pb-4 px-2 pt-lg-8 pb-lg-16 px-lg-11 pb-xl-30\">\n\t\t\t\t\t\t\t\t\t\t\t\t\t\t\t\t\t\t<h2 class=\"unna fs-36 fs-lg-51 fs-xl-75 fs-italic fw-normal text-secondary\">Un s\u00e9minaire en Bretagne pour une r\u00e9union avec la mer<\/h2>\n\t\t\t\t\t\t\t\t\t\t\t\t\t\t\t\t\t\t<h3 class=\"text-white fs-18 fs-lg-20 fs-xl-28 text-original-case\">Sainte-Barbe H\u00f4tel &amp; Spa Le Conquet \u2013 MGallery<\/h3>\n\t\t\t\t\t\t\t\t\t\t\t\t\t\t\t\t\t\t<div class=\"fs-wysiwyg mb-4 fs-lg-16 fs-xl-20\"><p><span style=\"font-weight: 400;\">Depuis Brest, la ville la plus \u00e0 l\u2019ouest de France, \u00e0 la pointe de la Bretagne, le <a href=\"https:\/\/www.myallmeeting.com\/fr\/hotel\/b1k8-sainte-barbe-hotel-spa-le-conquet-mgalleryopening-may-2019\/\" target=\"_blank\" rel=\"noopener\">Sainte-Barbe H\u00f4tel &amp; Spa Le Conquet &#8211; MGallery <\/a><\/span><span style=\"font-weight: 400;\">offre une <\/span><b>vue \u00e9poustouflante sur Ouessant et Mol\u00e8ne<\/b><span style=\"font-weight: 400;\">. Un lieu mythique avec <\/span><b>34 chambres vue sur mer<\/b><span style=\"font-weight: 400;\">, un restaurant, un\u00a0<\/span><i><span style=\"font-weight: 400;\">rooftop bar\u00a0<\/span><\/i><span style=\"font-weight: 400;\">et un spa marin.<\/span><\/p>\n<p><span style=\"font-weight: 400;\">Une destination \u00e0 part dans un h\u00f4tel-boutique \u00e0 l\u2019identit\u00e9 affirm\u00e9e o\u00f9 vous pourrez organiser une r\u00e9union qui marquera les esprits dans une salle avec vue sur la mer <\/span><b>pouvant accueillir jusqu\u2019\u00e0 30 heureux \u00e9lus<\/b><span style=\"font-weight: 400;\">.<\/span><\/p>\n<\/div>\n\t\t\t\t\t\t\t\t\t\t\t\t\t\t\t\t\t\t\t\t\t\t\t\t<p class=\"m-0\"><img decoding=\"async\" src=\"https:\/\/myallmeeting.com\/wp-content\/uploads\/2019\/09\/aja_p_5198-50__original-2-633x398.jpeg\" class=\"position-relative l-0\" width=\"633\" height=\"398\" alt=\"\" loading=\"lazy\" \/><\/p>\n\t\t\t\t\t\t\t\t\t\t\t<\/div>\n\t\t\t\t<\/div>\n\t\t\t<\/div>\n\t\t<\/div>\n\t<\/div>\n\t<div class=\"tcta2ia__bottom d-lg-none pb-12 py-lg-9 pe-lg-10\">\n\t\t\t\t<div class=\"h2 fs-20 fs-lg-32 fw-semibold\">H\u00f4tel Mercure Roscoff Bord de Mer<\/div>\n\t\t\t\t\t\t<div class=\"fs-wysiwyg\"><p><span style=\"font-weight: 400;\">Enti\u00e8rement r\u00e9nov\u00e9 dans l\u2019esprit d\u2019une maison de marin breton en plein c\u0153ur de cette ancienne cit\u00e9 corsaire, <\/span><b><a href=\"https:\/\/myallmeeting.com\/fr\/hotel\/b535-hotel-mercure-roscoff-bord-de-mer-opening-april-2019\/\" target=\"_blank\" rel=\"noopener\">cet h\u00f4tel<\/a> berc\u00e9 par la mar\u00e9e a rouvert ses portes en avril dernier<\/b><span style=\"font-weight: 400;\">. Un cadre authentique qui ne manquera pas de donner ce <\/span><b>suppl\u00e9ment d\u2019\u00e2me \u00e0 votre visite<\/b><span style=\"font-weight: 400;\">.<\/span><\/p>\n<p><span style=\"font-weight: 400;\">Chaque espace de l\u2019h\u00f4tel vous permettra de vivre un face \u00e0 face \u00e9mouvant avec l\u2019horizon\u2026 Vous pourrez \u00e9galement y tenir une r\u00e9union entre\u00a0<\/span><i><span style=\"font-weight: 400;\">happy few<\/span><\/i><span style=\"font-weight: 400;\">\u00a0dans une salle pouvant accueillir jusqu\u2019\u00e0 <\/span><b>12 participants<\/b><span style=\"font-weight: 400;\">.<\/span><\/p>\n<\/div>\n\t\t\t\t<div class=\"d-flex flex-column flex-lg-row align-items-center gap-5 gap-lg-8 justify-content-between\">\n\t\t\t<div class=\"fs-20 fs-lg-26 fw-semibold lh-xs\"><\/div>\n\t\t\t\t\t<\/div>\n\t<\/div>\n<\/div>\n<!-- END OF : Composant : block-periscope-theme-section-composant-25-texte-cta-2-images.php -->\n\n\n<!-- START OF : Composant : block-periscope-theme-section-composant-33-texte-image.php -->\n<div class=\"text-image fs-wysiwyg mb-8 mb-lg-12\" data-component=\"33-texte-image\">\n\t<div class=\"container-fluid\" style=\"--bs-gutter-x: 0\">\n\t\t<div class=\"row\" style=\"--bs-gutter-x: 0\">\n\t\t\t\t\t\t<div class=\"col-lg-6 mb-7 mb-lg-0\">\n\t\t\t\t<img decoding=\"async\" src=\"https:\/\/myallmeeting.com\/wp-content\/uploads\/2019\/09\/aja_p_6227-20__original-2-953x600.jpeg\" width=\"953\" height=\"600\" alt=\"\" loading=\"lazy\" class=\"w-100\" \/>\n\t\t\t<\/div>\n\t\t\t\t\t\t<div class=\"col-lg-6\">\n\t\t\t\t<div class=\"text-image__content\">\n\t\t\t\t\t\t\t\t\t\t<div class=\"fw-semibold lh-xs fs-20 fs-lg-32 ls--25 mb-5\">Sofitel Quiberon Thalassa Sea &amp; Spa<\/div>\n\t\t\t\t\t\t\t\t\t\t\t\t\t\t\t<div class=\"fs-wysiwyg\">\n\t\t\t\t\t\t<p><span style=\"font-weight: 400;\">Ciel bleu, plage de sable fin, centre de thalassoth\u00e9rapie &amp; spa vous attendent dans <a href=\"https:\/\/myallmeeting.com\/fr\/hotel\/0557-sofitel-quiberon-thalassa-sea-spa\/\" target=\"_blank\" rel=\"noopener\">ce magnifique h\u00f4tel de luxe<\/a> sur la c\u00e9l\u00e8bre presqu\u2019\u00eele bretonne. Un cadre de bout du monde o\u00f9 <\/span><b>r\u00e8gne un calme absolu, id\u00e9al pour un \u00e9v\u00e9nement professionnel haut de gamme<\/b><span style=\"font-weight: 400;\">. Quatre salles modulables \u00e0 la lumi\u00e8re du jour et face \u00e0 la mer sont \u00e0 votre disposition pour n\u2019importe quel type d\u2019\u00e9v\u00e9nement pouvant accueillir <\/span><b>jusqu\u2019\u00e0 100 personnes<\/b><span style=\"font-weight: 400;\">.<\/span><\/p>\n<p><span style=\"font-weight: 400;\">Pour vous relaxer, l\u2019espace d\u00e9tente dispose d\u2019une <\/span><b>grande piscine int\u00e9rieure de 25 m d\u2019eau de mer et chauff\u00e9e, de bains \u00e0 remous ext\u00e9rieurs, d\u2019un sauna, de hammams et de solariums surplombant la mer<\/b><span style=\"font-weight: 400;\">.<\/span><\/p>\n\t\t\t\t\t<\/div>\n\t\t\t\t\t\t\t\t\t<\/div>\n\t\t\t<\/div>        \n\t\t<\/div>\n\t<\/div>\n<\/div>\n<!-- END OF : Composant : block-periscope-theme-section-composant-33-texte-image.php -->\n\n\n<!-- START OF : Composant : block-periscope-theme-section-composant-33-texte-image.php -->\n<!-- INVERSE -->\n<div class=\"text-image fs-wysiwyg mb-8 mb-lg-12\" data-component=\"33-texte-image\" data-reverse=\"oui\">\n\t<div class=\"container-fluid\" style=\"--bs-gutter-x: 0\">\n\t\t<div class=\"row\" style=\"--bs-gutter-x: 0\">\n\t\t\t<div class=\"col-lg-6\">\n\t\t\t\t<div class=\"text-image__content\">\n\t\t\t\t\t\t\t\t\t\t<div class=\"fw-semibold lh-xs fs-20 fs-lg-32 ls--25 mb-5\">H\u00f4tel Mercure Saint-Malo Balmoral<\/div>\n\t\t\t\t\t\t\t\t\t\t\t\t\t\t\t<div class=\"fs-wysiwyg\">\n\t\t\t\t\t\t<p><a href=\"https:\/\/myallmeeting.com\/fr\/hotel\/a1b8-mercure-st-malo-balmoral\/\" target=\"_blank\" rel=\"noopener\"><span style=\"font-weight: 400;\">Cet <\/span><b>\u00e9tablissement quatre \u00e9toiles<\/b><\/a><span style=\"font-weight: 400;\"> s\u2019affirme comme le point de d\u00e9part parfait pour d\u00e9couvrir la cit\u00e9 corsaire et ses paysages.<\/span><b> S\u00e9jour familial ou d\u2019affaires,<\/b><span style=\"font-weight: 400;\"> vous trouverez votre bonheur. Situ\u00e9 au c\u0153ur de la ville, \u00e0 50 m de la gare TGV et 800 m de la plage, l\u2019h\u00f4tel met \u00e0 disposition ses salles de s\u00e9minaire pour vos \u00e9v\u00e9nements professionnels : s\u00e9minaires, comit\u00e9s d\u2019entreprise, formations\u2026<\/span><\/p>\n<p><span style=\"font-weight: 400;\">Pour les moments de d\u00e9tente, vos collaborateurs pourront profiter de la ville intramuros situ\u00e9e \u00e0 1 kilom\u00e8tre, avec son ch\u00e2teau et ses remparts, mais aussi de la plage du Sillon et du Grand Aquarium. Sans oublier Dinard, Cancale et son port et le Mont Saint-Michel.<\/span><\/p>\n\t\t\t\t\t<\/div>\n\t\t\t\t\t\t\t\t\t<\/div>\n\t\t\t<\/div>    \n\t\t\t    \n\t\t\t<div class=\"col-lg-6 order-first order-lg-last mb-7 mb-lg-0\">\n\t\t\t\t<img decoding=\"async\" src=\"https:\/\/myallmeeting.com\/wp-content\/uploads\/2019\/09\/aja_p_7104-64__original-1-953x600.jpeg\" width=\"953\" height=\"600\" alt=\"\" loading=\"lazy\" class=\"w-100\" \/>\n\t\t\t<\/div>\n\t\t\t\t\t<\/div>\n\t<\/div>\n<\/div>\n<!-- END OF : Composant : block-periscope-theme-section-composant-33-texte-image.php -->\n","protected":false},"excerpt":{"rendered":"<p>D\u00e9couvrez les adresses Accor pour votre \u00e9v\u00e9nement en Bretagne.<\/p>\n","protected":false},"featured_media":16613906,"menu_order":0,"template":"","periscope_categorie_tax":[1648],"class_list":["post-15226714","article","type-article","status-publish","has-post-thumbnail","hentry","periscope_categorie_tax-tous-nos-tops-selections"],"acf":[],"yoast_head":"<title>Un s\u00e9minaire en Bretagne pour une r\u00e9union avec la mer - Accor MyAllMeeting.com<\/title>\n<meta name=\"robots\" content=\"index, follow, max-snippet:-1, max-image-preview:large, max-video-preview:-1\" \/>\n<link rel=\"canonical\" href=\"https:\/\/myallmeeting.com\/fr\/wp-json\/wp\/v2\/article\/15226714\" \/>\n<meta property=\"og:locale\" content=\"fr_FR\" \/>\n<meta property=\"og:type\" content=\"article\" \/>\n<meta property=\"og:title\" content=\"Un s\u00e9minaire en Bretagne pour une r\u00e9union avec la mer - Accor MyAllMeeting.com\" \/>\n<meta property=\"og:description\" content=\"D\u00e9couvrez les adresses Accor pour votre \u00e9v\u00e9nement en Bretagne.\" \/>\n<meta property=\"og:url\" content=\"https:\/\/myallmeeting.com\/fr\/article\/un-seminaire-en-bretagne-pour-une-reunion-avec-la-mer\/\" \/>\n<meta property=\"og:site_name\" content=\"Accor MyAllMeeting.com\" \/>\n<meta property=\"article:modified_time\" content=\"2024-11-22T15:54:45+00:00\" \/>\n<meta property=\"og:image\" content=\"http:\/\/myallmeeting.com\/wp-content\/uploads\/2019\/09\/MAM-baner-1920x570-34-1024x304.png\" \/>\n\t<meta property=\"og:image:width\" content=\"1024\" \/>\n\t<meta property=\"og:image:height\" content=\"304\" \/>\n\t<meta property=\"og:image:type\" content=\"image\/png\" \/>\n<meta name=\"twitter:card\" content=\"summary_large_image\" \/>\n<meta name=\"twitter:label1\" content=\"Dur\u00e9e de lecture estim\u00e9e\" \/>\n\t<meta name=\"twitter:data1\" content=\"4 minutes\" \/>\n<script type=\"application\/ld+json\" class=\"yoast-schema-graph\">{\"@context\":\"https:\/\/schema.org\",\"@graph\":[{\"@type\":\"WebPage\",\"@id\":\"https:\/\/myallmeeting.com\/fr\/article\/un-seminaire-en-bretagne-pour-une-reunion-avec-la-mer\/\",\"url\":\"https:\/\/myallmeeting.com\/fr\/article\/un-seminaire-en-bretagne-pour-une-reunion-avec-la-mer\/\",\"name\":\"Un s\u00e9minaire en Bretagne pour une r\u00e9union avec la mer - Accor MyAllMeeting.com\",\"isPartOf\":{\"@id\":\"https:\/\/www.myallmeeting.com\/fr\/#website\"},\"primaryImageOfPage\":{\"@id\":\"https:\/\/myallmeeting.com\/fr\/article\/un-seminaire-en-bretagne-pour-une-reunion-avec-la-mer\/#primaryimage\"},\"image\":{\"@id\":\"https:\/\/myallmeeting.com\/fr\/article\/un-seminaire-en-bretagne-pour-une-reunion-avec-la-mer\/#primaryimage\"},\"thumbnailUrl\":\"https:\/\/myallmeeting.com\/wp-content\/uploads\/2019\/09\/MAM-baner-1920x570-34.png\",\"datePublished\":\"2019-09-11T13:23:53+00:00\",\"dateModified\":\"2024-11-22T15:54:45+00:00\",\"breadcrumb\":{\"@id\":\"https:\/\/myallmeeting.com\/fr\/article\/un-seminaire-en-bretagne-pour-une-reunion-avec-la-mer\/#breadcrumb\"},\"inLanguage\":\"fr-FR\",\"potentialAction\":[{\"@type\":\"ReadAction\",\"target\":[\"https:\/\/myallmeeting.com\/fr\/article\/un-seminaire-en-bretagne-pour-une-reunion-avec-la-mer\/\"]}]},{\"@type\":\"ImageObject\",\"inLanguage\":\"fr-FR\",\"@id\":\"https:\/\/myallmeeting.com\/fr\/article\/un-seminaire-en-bretagne-pour-une-reunion-avec-la-mer\/#primaryimage\",\"url\":\"https:\/\/myallmeeting.com\/wp-content\/uploads\/2019\/09\/MAM-baner-1920x570-34.png\",\"contentUrl\":\"https:\/\/myallmeeting.com\/wp-content\/uploads\/2019\/09\/MAM-baner-1920x570-34.png\",\"width\":1920,\"height\":570},{\"@type\":\"BreadcrumbList\",\"@id\":\"https:\/\/myallmeeting.com\/fr\/article\/un-seminaire-en-bretagne-pour-une-reunion-avec-la-mer\/#breadcrumb\",\"itemListElement\":[{\"@type\":\"ListItem\",\"position\":1,\"name\":\"Accueil\",\"item\":\"https:\/\/myallmeeting.com\/fr\/\"},{\"@type\":\"ListItem\",\"position\":2,\"name\":\"Actualit\u00e9s\",\"item\":\"https:\/\/myallmeeting.com\/fr\/actualite\/\"},{\"@type\":\"ListItem\",\"position\":3,\"name\":\"Un s\u00e9minaire en Bretagne pour une r\u00e9union avec la mer\"}]},{\"@type\":\"WebSite\",\"@id\":\"https:\/\/www.myallmeeting.com\/fr\/#website\",\"url\":\"https:\/\/www.myallmeeting.com\/fr\/\",\"name\":\"Accor MyAllMeeting.com\",\"description\":\"Les Meilleurs lieux pour vos Ev\u00e9nements Professionnels\",\"publisher\":{\"@id\":\"https:\/\/www.myallmeeting.com\/fr\/#organization\"},\"potentialAction\":[{\"@type\":\"SearchAction\",\"target\":{\"@type\":\"EntryPoint\",\"urlTemplate\":\"https:\/\/www.myallmeeting.com\/fr\/?s={search_term_string}\"},\"query-input\":{\"@type\":\"PropertyValueSpecification\",\"valueRequired\":true,\"valueName\":\"search_term_string\"}}],\"inLanguage\":\"fr-FR\"},{\"@type\":\"Organization\",\"@id\":\"https:\/\/www.myallmeeting.com\/fr\/#organization\",\"name\":\"ACCOR\",\"url\":\"https:\/\/www.myallmeeting.com\/fr\/\",\"logo\":{\"@type\":\"ImageObject\",\"inLanguage\":\"fr-FR\",\"@id\":\"https:\/\/www.myallmeeting.com\/fr\/#\/schema\/logo\/image\/\",\"url\":\"\",\"contentUrl\":\"\",\"caption\":\"ACCOR\"},\"image\":{\"@id\":\"https:\/\/www.myallmeeting.com\/fr\/#\/schema\/logo\/image\/\"}}]}<\/script>","yoast_head_json":{"title":"Un s\u00e9minaire en Bretagne pour une r\u00e9union avec la mer - Accor MyAllMeeting.com","robots":{"index":"index","follow":"follow","max-snippet":"max-snippet:-1","max-image-preview":"max-image-preview:large","max-video-preview":"max-video-preview:-1"},"canonical":"https:\/\/myallmeeting.com\/fr\/wp-json\/wp\/v2\/article\/15226714","og_locale":"fr_FR","og_type":"article","og_title":"Un s\u00e9minaire en Bretagne pour une r\u00e9union avec la mer - Accor MyAllMeeting.com","og_description":"D\u00e9couvrez les adresses Accor pour votre \u00e9v\u00e9nement en Bretagne.","og_url":"https:\/\/myallmeeting.com\/fr\/article\/un-seminaire-en-bretagne-pour-une-reunion-avec-la-mer\/","og_site_name":"Accor MyAllMeeting.com","article_modified_time":"2024-11-22T15:54:45+00:00","og_image":[{"width":1024,"height":304,"url":"http:\/\/myallmeeting.com\/wp-content\/uploads\/2019\/09\/MAM-baner-1920x570-34-1024x304.png","type":"image\/png"}],"twitter_card":"summary_large_image","twitter_misc":{"Dur\u00e9e de lecture estim\u00e9e":"4 minutes"},"schema":{"@context":"https:\/\/schema.org","@graph":[{"@type":"WebPage","@id":"https:\/\/myallmeeting.com\/fr\/article\/un-seminaire-en-bretagne-pour-une-reunion-avec-la-mer\/","url":"https:\/\/myallmeeting.com\/fr\/article\/un-seminaire-en-bretagne-pour-une-reunion-avec-la-mer\/","name":"Un s\u00e9minaire en Bretagne pour une r\u00e9union avec la mer - Accor MyAllMeeting.com","isPartOf":{"@id":"https:\/\/www.myallmeeting.com\/fr\/#website"},"primaryImageOfPage":{"@id":"https:\/\/myallmeeting.com\/fr\/article\/un-seminaire-en-bretagne-pour-une-reunion-avec-la-mer\/#primaryimage"},"image":{"@id":"https:\/\/myallmeeting.com\/fr\/article\/un-seminaire-en-bretagne-pour-une-reunion-avec-la-mer\/#primaryimage"},"thumbnailUrl":"https:\/\/myallmeeting.com\/wp-content\/uploads\/2019\/09\/MAM-baner-1920x570-34.png","datePublished":"2019-09-11T13:23:53+00:00","dateModified":"2024-11-22T15:54:45+00:00","breadcrumb":{"@id":"https:\/\/myallmeeting.com\/fr\/article\/un-seminaire-en-bretagne-pour-une-reunion-avec-la-mer\/#breadcrumb"},"inLanguage":"fr-FR","potentialAction":[{"@type":"ReadAction","target":["https:\/\/myallmeeting.com\/fr\/article\/un-seminaire-en-bretagne-pour-une-reunion-avec-la-mer\/"]}]},{"@type":"ImageObject","inLanguage":"fr-FR","@id":"https:\/\/myallmeeting.com\/fr\/article\/un-seminaire-en-bretagne-pour-une-reunion-avec-la-mer\/#primaryimage","url":"https:\/\/myallmeeting.com\/wp-content\/uploads\/2019\/09\/MAM-baner-1920x570-34.png","contentUrl":"https:\/\/myallmeeting.com\/wp-content\/uploads\/2019\/09\/MAM-baner-1920x570-34.png","width":1920,"height":570},{"@type":"BreadcrumbList","@id":"https:\/\/myallmeeting.com\/fr\/article\/un-seminaire-en-bretagne-pour-une-reunion-avec-la-mer\/#breadcrumb","itemListElement":[{"@type":"ListItem","position":1,"name":"Accueil","item":"https:\/\/myallmeeting.com\/fr\/"},{"@type":"ListItem","position":2,"name":"Actualit\u00e9s","item":"https:\/\/myallmeeting.com\/fr\/actualite\/"},{"@type":"ListItem","position":3,"name":"Un s\u00e9minaire en Bretagne pour une r\u00e9union avec la mer"}]},{"@type":"WebSite","@id":"https:\/\/www.myallmeeting.com\/fr\/#website","url":"https:\/\/www.myallmeeting.com\/fr\/","name":"Accor MyAllMeeting.com","description":"Les Meilleurs lieux pour vos Ev\u00e9nements Professionnels","publisher":{"@id":"https:\/\/www.myallmeeting.com\/fr\/#organization"},"potentialAction":[{"@type":"SearchAction","target":{"@type":"EntryPoint","urlTemplate":"https:\/\/www.myallmeeting.com\/fr\/?s={search_term_string}"},"query-input":{"@type":"PropertyValueSpecification","valueRequired":true,"valueName":"search_term_string"}}],"inLanguage":"fr-FR"},{"@type":"Organization","@id":"https:\/\/www.myallmeeting.com\/fr\/#organization","name":"ACCOR","url":"https:\/\/www.myallmeeting.com\/fr\/","logo":{"@type":"ImageObject","inLanguage":"fr-FR","@id":"https:\/\/www.myallmeeting.com\/fr\/#\/schema\/logo\/image\/","url":"","contentUrl":"","caption":"ACCOR"},"image":{"@id":"https:\/\/www.myallmeeting.com\/fr\/#\/schema\/logo\/image\/"}}]}},"_links":{"self":[{"href":"https:\/\/myallmeeting.com\/fr\/wp-json\/wp\/v2\/article\/15226714","targetHints":{"allow":["GET"]}}],"collection":[{"href":"https:\/\/myallmeeting.com\/fr\/wp-json\/wp\/v2\/article"}],"about":[{"href":"https:\/\/myallmeeting.com\/fr\/wp-json\/wp\/v2\/types\/article"}],"wp:featuredmedia":[{"embeddable":true,"href":"https:\/\/myallmeeting.com\/fr\/wp-json\/wp\/v2\/media\/16613906"}],"wp:attachment":[{"href":"https:\/\/myallmeeting.com\/fr\/wp-json\/wp\/v2\/media?parent=15226714"}],"wp:term":[{"taxonomy":"periscope_categorie_tax","embeddable":true,"href":"https:\/\/myallmeeting.com\/fr\/wp-json\/wp\/v2\/periscope_categorie_tax?post=15226714"}],"curies":[{"name":"wp","href":"https:\/\/api.w.org\/{rel}","templated":true}]}}